{"id":408025,"date":"2017-04-18T18:21:15","date_gmt":"2017-04-18T16:21:15","guid":{"rendered":"http:\/\/www.ivg.it\/?p=408025"},"modified":"2017-04-18T18:56:42","modified_gmt":"2017-04-18T16:56:42","slug":"arci-savona-solidarieta-vicinanza-gabriele-del-grande","status":"publish","type":"post","link":"https:\/\/staging.ivg.it\/2017\/04\/arci-savona-solidarieta-vicinanza-gabriele-del-grande\/","title":{"rendered":"Arci Savona, solidariet\u00e0 e vicinanza a Gabriele del Grande"},"content":{"rendered":"<p><strong>Savona.<\/strong> Gabriele Del Grande, giornalista e documentarista, \u00e8 trattenuto da 9 giorni in un centro di detenzione amministrativa in Turchia. Del Grande \u00e8 stato fermato nella provincia di Hatay, al confine con la Siria, zona \u2013 secondo le autorit\u00e0 turche \u2013 in cui non \u00e8 consentito l\u2019accesso.<\/p>\n<p>Oggi Gabriele Del Grande \u00e8 riuscito a telefonare alla.sua famiglia e queste le sue parole dalla Turchia: &#8220;Sto bene, non mi \u00e8 stato torto un capello ma non posso telefonare, hanno sequestrato il mio cellulare e le mie cose, sebbene non mi venga contestato nessun reato. Da stasera inizio lo sciopero della fame e invito tutti a mobilitarsi per chiedere che vengano rispettati i miei diritti&#8221;.<\/p>\n<p>&#8220;Questo ci spinge a sostenere con maggiore vigore la mobilitazione a favore di Gabriele, nella speranza di poterlo incontrare presto come gi\u00e0 avvenuto a Savona con la presentazione &#8211; prima &#8211; e la proiezione -poi- del film Io sto con la sposa&#8221; afferma Alessio Artico, presidente Arci Provinciale Savona.<\/p>\n<p>&#8220;Il reporter, cui va tutta la nostra solidariet\u00e0, si trovava l\u00ec per raccogliere materiale per il suo nuovo libro. Ci uniamo alla sua famiglia nel chiedere che al pi\u00f9 presto siano comunicate la data e le modalit\u00e0 del rilascio &#8211; aggiunge ancora Arci Savona -. E\u2019 nota infatti la durezza delle condizioni di vita nelle carceri di un Paese in cui, soprattutto dopo la dichiarazione dello stato d\u2019emergenza successiva al fallito golpe delle scorsa estate, c\u2019\u00e8 stata una forte stretta repressiva a scapito del rispetto dei diritti umani&#8221;.<\/p>\n<p>&#8220;E certamente la situazione di tensione determinata dalla contestata vittoria nel referendum costituzionale voluto da Erdogan non ci tranquillizza. Ci auguriamo quindi il massimo impegno delle nostre rappresentanze diplomatiche in Turchia e chiediamo un intervento urgente del nostro ministero degli Esteri perch\u00e9 Del Grande venga immediatamente rilasciato e rimpatriato&#8221; conclude Arci Savona.<\/p>\n","protected":false},"excerpt":{"rendered":"<p>Savona. Gabriele Del Grande, giornalista e documentarista, \u00e8 trattenuto da 9 giorni in un centro di detenzione amministrativa in Turchia. Del Grande \u00e8 stato fermato nella provincia di Hatay, al confine con la Siria, zona \u2013 secondo le autorit\u00e0 turche \u2013 in cui non \u00e8 consentito l\u2019accesso. Oggi Gabriele Del Grande \u00e8 riuscito a telefonare [&hellip;]<\/p>\n","protected":false},"author":17661,"featured_media":0,"comment_status":"open","ping_status":"closed","sticky":false,"template":"","format":"standard","meta":{"footnotes":""},"categories":[45296,89329,88559],"tags":[64307],"class_list":["post-408025","post","type-post","status-publish","format-standard","hentry","category-copertina","category-arci-savona","category-rubriche","tag-arci-savona","post_cat_citta-savona"],"amp_validity":null,"amp_enabled":true,"_links":{"self":[{"href":"https:\/\/staging.ivg.it\/ediapi\/wp\/v2\/posts\/408025","targetHints":{"allow":["GET"]}}],"collection":[{"href":"https:\/\/staging.ivg.it\/ediapi\/wp\/v2\/posts"}],"about":[{"href":"https:\/\/staging.ivg.it\/ediapi\/wp\/v2\/types\/post"}],"author":[{"embeddable":true,"href":"https:\/\/staging.ivg.it\/ediapi\/wp\/v2\/users\/17661"}],"replies":[{"embeddable":true,"href":"https:\/\/staging.ivg.it\/ediapi\/wp\/v2\/comments?post=408025"}],"version-history":[{"count":0,"href":"https:\/\/staging.ivg.it\/ediapi\/wp\/v2\/posts\/408025\/revisions"}],"wp:attachment":[{"href":"https:\/\/staging.ivg.it\/ediapi\/wp\/v2\/media?parent=408025"}],"wp:term":[{"taxonomy":"category","embeddable":true,"href":"https:\/\/staging.ivg.it\/ediapi\/wp\/v2\/categories?post=408025"},{"taxonomy":"post_tag","embeddable":true,"href":"https:\/\/staging.ivg.it\/ediapi\/wp\/v2\/tags?post=408025"}],"curies":[{"name":"wp","href":"https:\/\/api.w.org\/{rel}","templated":true}]}}