{"id":407980,"date":"2017-04-18T11:02:09","date_gmt":"2017-04-18T09:02:09","guid":{"rendered":"http:\/\/www.ivg.it\/?p=407980"},"modified":"2017-04-18T11:02:09","modified_gmt":"2017-04-18T09:02:09","slug":"praga-millesimo-mostra-foto-musica-poesia-sul-mediterraneo","status":"publish","type":"post","link":"https:\/\/staging.ivg.it\/2017\/04\/praga-millesimo-mostra-foto-musica-poesia-sul-mediterraneo\/","title":{"rendered":"A Praga e Millesimo una mostra di foto, musica e poesia sul Mediterraneo"},"content":{"rendered":"<p><strong>Savona.<\/strong> Sar\u00e0 inaugurata il 27 aprile 2017, alle ore 17 presso l&#8217;Istituto Italiano di Cultura a Praga, la mostra &#8220;Mediterraneo. Un racconto per immagini, poesia e musica&#8221;. Si tratta di una mostra di fotografie e di alcuni testi poetici nata da un&#8217;idea di Silvia Bottaro, presidente dell\u2019Associazione \u201cR. Aiolfi\u201d di Savona; del Prof. Giancarlo Pinto del Polo della Fotografia di Genova; dell&#8217;Istituto Italiano di Cultura a Praga, della Fondazione Mario Novaro di Genova e del Comune di Millesimo.<\/p>\n<p>Il catalogo della mostra sar\u00e0 anche parzialmente tradotto in lingua ceca. &#8220;Si tratta di un evento molto &#8216;speciale&#8217; &#8211; spiegano dall&#8217;associazione Aiolfi &#8211; Quattordici fotografi esporranno le loro opere dedicate al Mediterraneo, al Mare nostrum ed alla sua cultura: uno sforzo notevole per l&#8217;associazione che, con questa iniziativa, getta un ponte collaborativo tra Savona e l&#8217;Ambasciata Italiana Praga, grazie alla disponibilit\u00e0 di S.E. Dr. Aldo Amati, Ambasciatore Italiano a Praga, e alla partecipazione per questa mostra di molti altri importanti patners istituzionali e non solo&#8221;. L&#8217;evento infatti \u00e8 patrocinato da Provincia di Savona, Citt\u00e0 di Savona, Centro in Europa, Fondazione Casa America Genova, Parco del Beigua, Consulta regionale Ligure delle Associazioni culturali.<\/p>\n<p>I fotografi partecipanti saranno Paola Bernini, Alessandra Caneva, Ilenio Celoria, Francesca Donadini, Federica Giannotta, Giuseppe Gotelli, Claudia Oliva, Roberto Pistone, Francesca Parodi, Antonietta Preziuso, Adolfo Ranise, Marina Rossi, Stefania Vavassura e Matteo Zavattoni. Tra i poeti e cantautori liguri, saranno citati Angelo Barile, Francesco Biamonti, Enrico Bonino, Giorgio Caproni, Fabrizio De Andr\u00e8, Gabriella Gasparini, Eugenio Montale, Angelo Novaro, Ceccardo Roccatagliata Ceccardi, Camillo Sbarbaro, Luigi Tenco.<\/p>\n<p>La mostra verr\u00e0 allestita nell&#8217;Istituto Italiano di Cultura a Praga (Italsk\u00fd kulturn\u00ed institut), Cappella Barocca &#8211; Barokn\u00ed kaple (Vla\u0161sk\u00e1 34, Praha 1), dal 27 aprile al 18 maggio 2017. Dal 16 settembre al 2 ottobre, poi, la mostra sar\u00e0 esposta a Millesimo nel Castello Del Carretto con inaugurazione 16 settembre alle ore 17.<\/p>\n","protected":false},"excerpt":{"rendered":"<p>Esposte opere di 14 fotografi, tra i poeti citati anche Montale e Sbarbaro, tra i cantautori De Andr\u00e9 e Tenco<\/p>\n","protected":false},"author":10593,"featured_media":0,"comment_status":"open","ping_status":"closed","sticky":false,"template":"","format":"standard","meta":{"footnotes":""},"categories":[56],"tags":[],"class_list":["post-407980","post","type-post","status-publish","format-standard","hentry","category-altre","post_cat_citta-millesimo","post_cat_citta-savona","post_tag_personaggi-silvia-bottaro"],"amp_validity":null,"amp_enabled":true,"_links":{"self":[{"href":"https:\/\/staging.ivg.it\/ediapi\/wp\/v2\/posts\/407980","targetHints":{"allow":["GET"]}}],"collection":[{"href":"https:\/\/staging.ivg.it\/ediapi\/wp\/v2\/posts"}],"about":[{"href":"https:\/\/staging.ivg.it\/ediapi\/wp\/v2\/types\/post"}],"author":[{"embeddable":true,"href":"https:\/\/staging.ivg.it\/ediapi\/wp\/v2\/users\/10593"}],"replies":[{"embeddable":true,"href":"https:\/\/staging.ivg.it\/ediapi\/wp\/v2\/comments?post=407980"}],"version-history":[{"count":0,"href":"https:\/\/staging.ivg.it\/ediapi\/wp\/v2\/posts\/407980\/revisions"}],"wp:attachment":[{"href":"https:\/\/staging.ivg.it\/ediapi\/wp\/v2\/media?parent=407980"}],"wp:term":[{"taxonomy":"category","embeddable":true,"href":"https:\/\/staging.ivg.it\/ediapi\/wp\/v2\/categories?post=407980"},{"taxonomy":"post_tag","embeddable":true,"href":"https:\/\/staging.ivg.it\/ediapi\/wp\/v2\/tags?post=407980"}],"curies":[{"name":"wp","href":"https:\/\/api.w.org\/{rel}","templated":true}]}}