{"id":407954,"date":"2017-04-17T19:20:52","date_gmt":"2017-04-17T17:20:52","guid":{"rendered":"http:\/\/www.ivg.it\/?p=407954"},"modified":"2017-04-17T19:20:52","modified_gmt":"2017-04-17T17:20:52","slug":"acqua-pubblica-le-domande-dei-verdi-al-sindaco-savona","status":"publish","type":"post","link":"https:\/\/staging.ivg.it\/2017\/04\/acqua-pubblica-le-domande-dei-verdi-al-sindaco-savona\/","title":{"rendered":"Acqua pubblica, le domande dei Verdi al sindaco di Savona"},"content":{"rendered":"<p><strong>Savona.<\/strong> &#8220;In questi giorni di tregua pasquale mentre il centrodestra locale scientemente distrugge tutto ci\u00f2 che possa rimanere ancora di pubblico a noi Verdi \u00e8 sorto un dubbio: ma la sindaca e l&#8217;ignoto assessore preposto (perch\u00e9 ognuno parla indipendentemente dalla delega ricevuta) sapranno che esiste in citt\u00e0 un problema di gestione pubblica dell&#8217;acqua?&#8221;. Se lo chiede Danilo Bruno, portavoce dei Verdi savonesi.<\/p>\n<p>&#8220;E&#8217; noto che da tempo immemore ormai un referendum popolare aveva confermato la pubblicit\u00e0 del servizio idrico &#8211; ricorda Bruno &#8211; ed avrebbe dovuto conseguirne una gestione pubblica e partecipata dell&#8217;acqua, considerata come bene comune, scarso e da tutelare. A tutto ci\u00f2 pure a Savona \u00e8 conseguito un pesante silenzio sia del centrosinistra locale che ora pure dal centrodestra. Cos\u00ec in citt\u00e0 e dintorni vi sono un acquedotto gestito interamente da Iren, fognature e depuratore gestite dal Consorzio con sede a Legino&#8221;.<\/p>\n<p>&#8220;Noi Verdi &#8211; continuano &#8211; come tutte le cittadine e tutti i cittadini, vorremmo porre al locale centrodestra, tra una lite e l&#8217;altra che lo contraddistinguono, ed in particolare alla Lega Nord sempre pronta a gridare &#8216;padroni a casa nostra&#8217;, alcune domande: cosa si pensa di fare con la gestione del ciclo idrico? Si pensa di giungere ad una gestione unitaria e pubblica escludendo Iren da ogni futuro partenariato? Si pensa di puntare a concetti di risparmio idrico, spendendo qualche euro nella riattivazione del Laboratorio di Educazione Ambientale e nella divulgazione di buone pratiche di risparmio idrico?&#8221;.<\/p>\n<p>E ancora: &#8220;Si pensa di sostenere la gratuit\u00e0 della quota minima convenzionale necessaria alla vita delle persone? Si pensa di attivare una forma di gestione societaria, come ha fatto, tra gli altri, il Comune di Napoli, tramite azienda speciale e non attraverso societ\u00e0 di capitali che devono puntare a produrre utili quando qui si tratta di assicurare a tutte e a tutti il governo di una risorsa scarsa ma indispensabile alla vita dio ognuna e ognuno di noi?&#8221;.<\/p>\n","protected":false},"excerpt":{"rendered":"<p>Cinque domande sul futuro della gestione dell&#8217;acqua<\/p>\n","protected":false},"author":10593,"featured_media":0,"comment_status":"open","ping_status":"closed","sticky":false,"template":"","format":"standard","meta":{"footnotes":""},"categories":[31],"tags":[9585,499],"class_list":["post-407954","post","type-post","status-publish","format-standard","hentry","category-politica","tag-acqua-pubblica","tag-verdi","post_cat_citta-savona","post_tag_personaggi-danilo-bruno"],"amp_validity":null,"amp_enabled":true,"_links":{"self":[{"href":"https:\/\/staging.ivg.it\/ediapi\/wp\/v2\/posts\/407954","targetHints":{"allow":["GET"]}}],"collection":[{"href":"https:\/\/staging.ivg.it\/ediapi\/wp\/v2\/posts"}],"about":[{"href":"https:\/\/staging.ivg.it\/ediapi\/wp\/v2\/types\/post"}],"author":[{"embeddable":true,"href":"https:\/\/staging.ivg.it\/ediapi\/wp\/v2\/users\/10593"}],"replies":[{"embeddable":true,"href":"https:\/\/staging.ivg.it\/ediapi\/wp\/v2\/comments?post=407954"}],"version-history":[{"count":0,"href":"https:\/\/staging.ivg.it\/ediapi\/wp\/v2\/posts\/407954\/revisions"}],"wp:attachment":[{"href":"https:\/\/staging.ivg.it\/ediapi\/wp\/v2\/media?parent=407954"}],"wp:term":[{"taxonomy":"category","embeddable":true,"href":"https:\/\/staging.ivg.it\/ediapi\/wp\/v2\/categories?post=407954"},{"taxonomy":"post_tag","embeddable":true,"href":"https:\/\/staging.ivg.it\/ediapi\/wp\/v2\/tags?post=407954"}],"curies":[{"name":"wp","href":"https:\/\/api.w.org\/{rel}","templated":true}]}}