{"id":407778,"date":"2017-04-13T18:57:23","date_gmt":"2017-04-13T16:57:23","guid":{"rendered":"http:\/\/www.ivg.it\/?p=407778"},"modified":"2017-04-14T12:14:17","modified_gmt":"2017-04-14T10:14:17","slug":"cengio-un-tavolo-tecnico-sulla-sicurezza-ambientale-syndial-sindaci-regione-liguria-piemonte","status":"publish","type":"post","link":"https:\/\/staging.ivg.it\/2017\/04\/cengio-un-tavolo-tecnico-sulla-sicurezza-ambientale-syndial-sindaci-regione-liguria-piemonte\/","title":{"rendered":"A Cengio un tavolo tecnico sulla sicurezza ambientale con Syndial, sindaci, Regione Liguria e Piemonte"},"content":{"rendered":"<p><strong>Cengio<\/strong>. &#8220;Un confronto che ci auspichiamo sia proficuo, proprio perch\u00e9 coinvolge tutte le parti in causa al fine di avere chiarimenti utili sulle nuove procedure adottate nel sito ex Acna per la bonifica&#8221;.<\/p>\n<p>Il sindaco di Cengio, Sergio Marenco, \u00e8 ottimista in merito all&#8217;incontro che si terr\u00e0 nella mattinata di mercoled\u00ec 19 aprile, a Palazzo Rosso, tra i rappresentanti del ministero dell&#8217;ambiente, le Regioni Piemonte e Liguria, Eni-Syndial, le Province di Cuneo e Savona, l&#8217;amministrazione comunale di Cengio e una delegazione di quelle piemontesi.<\/p>\n<p>&#8220;Si parler\u00e0 di sicurezza ambientale, da non confondere con il danno ambientale, annosa questione che verr\u00e0 discussa in altre sedi &#8211; prosegue Marenco &#8211; Dopo i problemi emersi nei mesi scorsi, in particolare alla fine del 2016, quando erano stati avvertiti forti miasmi nei pressi dello stabilimento, i vertici aziendali hanno intrapreso nuove e diverse metodologie operative, e durante l&#8217;incontro si parler\u00e0 anche di questo, per fare il punto sulla situazione attuale e conoscere i programmi del futuro&#8221;.<\/p>\n","protected":false},"excerpt":{"rendered":"<p>Le opere di bonifica al centro del confronto dopo i problemi riscontrati nei mesi scorsi <\/p>\n","protected":false},"author":10659,"featured_media":0,"comment_status":"open","ping_status":"closed","sticky":false,"template":"","format":"standard","meta":{"footnotes":""},"categories":[35,31],"tags":[2934,89071,18096],"class_list":["post-407778","post","type-post","status-publish","format-standard","hentry","category-economia","category-politica","tag-acna","tag-acna-di-cengio","tag-ex-acna","post_cat_citta-cengio","post_tag_personaggi-sergio-marenco-2"],"amp_validity":null,"amp_enabled":true,"_links":{"self":[{"href":"https:\/\/staging.ivg.it\/ediapi\/wp\/v2\/posts\/407778","targetHints":{"allow":["GET"]}}],"collection":[{"href":"https:\/\/staging.ivg.it\/ediapi\/wp\/v2\/posts"}],"about":[{"href":"https:\/\/staging.ivg.it\/ediapi\/wp\/v2\/types\/post"}],"author":[{"embeddable":true,"href":"https:\/\/staging.ivg.it\/ediapi\/wp\/v2\/users\/10659"}],"replies":[{"embeddable":true,"href":"https:\/\/staging.ivg.it\/ediapi\/wp\/v2\/comments?post=407778"}],"version-history":[{"count":0,"href":"https:\/\/staging.ivg.it\/ediapi\/wp\/v2\/posts\/407778\/revisions"}],"wp:attachment":[{"href":"https:\/\/staging.ivg.it\/ediapi\/wp\/v2\/media?parent=407778"}],"wp:term":[{"taxonomy":"category","embeddable":true,"href":"https:\/\/staging.ivg.it\/ediapi\/wp\/v2\/categories?post=407778"},{"taxonomy":"post_tag","embeddable":true,"href":"https:\/\/staging.ivg.it\/ediapi\/wp\/v2\/tags?post=407778"}],"curies":[{"name":"wp","href":"https:\/\/api.w.org\/{rel}","templated":true}]}}