{"id":407539,"date":"2017-04-10T19:23:32","date_gmt":"2017-04-10T17:23:32","guid":{"rendered":"http:\/\/www.ivg.it\/?p=407539"},"modified":"2017-04-10T19:23:32","modified_gmt":"2017-04-10T17:23:32","slug":"plodio-oggi-allestimento-cantiere-recupero-della-chiesa-parrocchiale-santandrea","status":"publish","type":"post","link":"https:\/\/staging.ivg.it\/2017\/04\/plodio-oggi-allestimento-cantiere-recupero-della-chiesa-parrocchiale-santandrea\/","title":{"rendered":"Plodio, da oggi \u00e8 in allestimento il cantiere per il recupero della chiesa parrocchiale di Sant&#8217;Andrea"},"content":{"rendered":"<p><strong>Plodio<\/strong>. La primavera porta buone notizie per la chiesa parrocchiale di Sant&#8217;Andrea, chiusa dall&#8217;autunno 2011 a causa di verificati problemi di staticit\u00e0. Oggi, infatti, \u00e8 partito l&#8217;allestimento del cantiere che dovrebbe ripristinare il luogo di culto dei plodiesi e riaprirlo ai fedeli.<\/p>\n<p>Nelle scorse settimane la commissione incaricata di valutare proposte e preventivi, formata dal parrocco di Plodio Don Gianpiero Lovera, Antonio Cappa, Andrea Mazza e Michele Mellonio, si \u00e8 riunita a Mondov\u00ec, sede della diocesi, e ha affidato i lavori alla ditta &#8220;Basso Roberto&#8221; di Narzole, che ha redatto una stima di circa 160 mila euro.<\/p>\n<p>L&#8217;intervento \u00e8 finanziato, in parte, dai contributi Cei e dai fondi raccolti dal comitato &#8220;Salviamo la Chiesa di Sant&#8217;Andrea&#8221;, oltre 30 mila euro. Sono pi\u00f9 di cinque anni che i plodiesi &#8216;fanno a meno&#8217; della loro parrocchiale, e sia per le funzioni religiose sia per il catechismo dei ragazzi viene utilizzato l&#8217;edificio accanto, vecchia sede della Confraternita, seppur poco capiente.<\/p>\n<p>Per questo motivo, le celebrazioni pi\u00f9 importanti, come la prima comunione e la cresima, vengono officiate in localit\u00e0 Piani, nei locali messi a disposizione dalla pro loco. Ecco perch\u00e9 la comunit\u00e0 ha a cuore la questione, e c&#8217;\u00e8 la speranza che la chiesa torni ad essere, anche, un luogo di aggregazione.<\/p>\n<p>&#8220;Salutiamo con soddisfazione l&#8217;inizio dei lavori \u2013 commenta il sindaco di Plodio, Gabriele Badano, a nome dell&#8217;amministrazione comunale \u2013 Vogliamo tutti, e lo sosteniamo da tempo, una chiesa solida, duratura nel tempo oltre che bella. Ci aspettiamo un intervento durevole e tangibile. La nostra parrocchiale esiste da secoli e deve continuare a stare in piedi ma soprattutto deve tornare ad essere un punto di riferimento&#8221;.<\/p>\n<p>Proprio l&#8217;amministrazione comunale si era attivata, negli anni scorsi, per reperire risorse e l&#8217;ex governatore della Liguria Claudio Burlando aveva predisposto uno stanziamento di 20 mila euro, gi\u00e0 utilizzati per l&#8217;avvio dell&#8217;iter che ha sbloccato, sembra definitivamente, lo stallo in cui versava il progetto di recupero.<\/p>\n","protected":false},"excerpt":{"rendered":"<p>La piccola comunit\u00e0 \u00e8 senza il suo luogo di culto dal 2011, quando l&#8217;edificio era stato dichiarato inagibile <\/p>\n","protected":false},"author":12120,"featured_media":0,"comment_status":"open","ping_status":"closed","sticky":false,"template":"","format":"standard","meta":{"footnotes":""},"categories":[56],"tags":[],"class_list":["post-407539","post","type-post","status-publish","format-standard","hentry","category-altre","post_tag_personaggi-andrea-mazza","post_tag_personaggi-antonio-cappa","post_tag_personaggi-don-giampiero-lovera","post_tag_personaggi-gabriele-badano","post_tag_personaggi-michele-mellonio"],"amp_validity":null,"amp_enabled":true,"_links":{"self":[{"href":"https:\/\/staging.ivg.it\/ediapi\/wp\/v2\/posts\/407539","targetHints":{"allow":["GET"]}}],"collection":[{"href":"https:\/\/staging.ivg.it\/ediapi\/wp\/v2\/posts"}],"about":[{"href":"https:\/\/staging.ivg.it\/ediapi\/wp\/v2\/types\/post"}],"author":[{"embeddable":true,"href":"https:\/\/staging.ivg.it\/ediapi\/wp\/v2\/users\/12120"}],"replies":[{"embeddable":true,"href":"https:\/\/staging.ivg.it\/ediapi\/wp\/v2\/comments?post=407539"}],"version-history":[{"count":0,"href":"https:\/\/staging.ivg.it\/ediapi\/wp\/v2\/posts\/407539\/revisions"}],"wp:attachment":[{"href":"https:\/\/staging.ivg.it\/ediapi\/wp\/v2\/media?parent=407539"}],"wp:term":[{"taxonomy":"category","embeddable":true,"href":"https:\/\/staging.ivg.it\/ediapi\/wp\/v2\/categories?post=407539"},{"taxonomy":"post_tag","embeddable":true,"href":"https:\/\/staging.ivg.it\/ediapi\/wp\/v2\/tags?post=407539"}],"curies":[{"name":"wp","href":"https:\/\/api.w.org\/{rel}","templated":true}]}}