{"id":40725,"date":"2008-11-13T17:00:40","date_gmt":"2008-11-13T16:00:40","guid":{"rendered":"http:\/\/www.ivg.it\/2008\/11\/13\/vado-inaugurazione-apm-terminals-fischi-e-contestazioni\/"},"modified":"2008-11-14T10:28:13","modified_gmt":"2008-11-14T09:28:13","slug":"vado-inaugurazione-apm-terminals-fischi-e-contestazioni","status":"publish","type":"post","link":"https:\/\/staging.ivg.it\/2008\/11\/vado-inaugurazione-apm-terminals-fischi-e-contestazioni\/","title":{"rendered":"Vado, inaugurazione APM Terminals: fischi e contestazioni"},"content":{"rendered":"<p><strong>[thumb:9676:l]Vado Ligure<\/strong>. Manifestazione di protesta in via Tommaseo a Vado Ligure, questo pomeriggio, in occasione dell&#8217;inaugurazione degli uffici di APM Terminals, la societ\u00e0 del colosso danese Ap Moeller Maersk che ha vinto la commessa per la costruzione e la gestione del nuovo terminal contenitori. Gli attivisti del fronte no-piattaforma hanno atteso l&#8217;avvio della cerimonia inaugurale ed hanno accolto l&#8217;arrivo del presidente della Regione, Claudio Burlando, con grida e fischi.<\/p>\n<p>Insieme al governatore regionale erano presenti Cristoforo Canavese, presidente dell&#8217;Autorit\u00e0 portuale savonese, e Soren Jakobsen, vice presidente APM Terminals. Assente il presidente della Provincia di Savona, Marco Bertolotto. La voce del dissenso \u00e8 stata esternata da una cinquantina di persone appartenenti a &#8220;Vivere Vado&#8221;, Verdi e Legambiente, riunite all&#8217;esterno, dove sono stati esposti alcuni striscioni. L&#8217;inizio dei lavori della nuova piattaforma \u00e8 previsto per la tarda primavera del 2009, mentre nel 2013 il terminal diverr\u00e0 operativo. L&#8217;investimento complessivo di APM Terminals \u00e8 di 150 milioni di euro.<\/p>\n<p>Nel corso dell&#8217;apertura degli uffici, il presidente della Port Authority, Canavese, e il presidente regionale Burlando hanno sottolineato come la nuova sede sia un primo passo simbolico, ma anche reale, di quella che sar\u00e0 la piattaforma contenitori. Entrambi hanno espresso preoccupazione per la crisi economico-finanziaria internazionale che potr\u00e0 avere ricadute anche sulle comunit\u00e0 economiche locali. Quando la crisi passer\u00e0 &#8211; hanno sottolineato &#8211; &#8220;sar\u00e0 indispensabile essere pronti per ripartire ed il progetto di una piattaforma di queste dimensioni, con le sue prospettive occupazionali, va esattamente in questa direzione. Tuttavia siamo solo agli inizia, c&#8217;\u00e8 ancora tanto lavoro da fare fino al giorno in cui la piattaforma sar\u00e0 operativa&#8221;.<\/p>\n","protected":false},"excerpt":{"rendered":"<p>[thumb:9676:l]Vado Ligure. Manifestazione di protesta in via Tommaseo a Vado Ligure, questo pomeriggio, in occasione dell&#8217;inaugurazione degli uffici di APM Terminals, la societ\u00e0 del colosso danese Ap Moeller Maersk che ha vinto la commessa per la costruzione e la gestione del nuovo terminal contenitori. Gli attivisti del fronte no-piattaforma hanno atteso l&#8217;avvio della cerimonia inaugurale [&hellip;]<\/p>\n","protected":false},"author":13744,"featured_media":0,"comment_status":"open","ping_status":"closed","sticky":false,"template":"","format":"standard","meta":{"footnotes":""},"categories":[34,35,31],"tags":[3615,284,3861,760,85979],"class_list":["post-40725","post","type-post","status-publish","format-standard","hentry","category-cronaca","category-economia","category-politica","tag-apm-terminals","tag-claudio-burlando","tag-contenitori","tag-piattaforma","tag-vado-ligure","post_cat_citta-vado-ligure"],"amp_validity":null,"amp_enabled":true,"_links":{"self":[{"href":"https:\/\/staging.ivg.it\/ediapi\/wp\/v2\/posts\/40725","targetHints":{"allow":["GET"]}}],"collection":[{"href":"https:\/\/staging.ivg.it\/ediapi\/wp\/v2\/posts"}],"about":[{"href":"https:\/\/staging.ivg.it\/ediapi\/wp\/v2\/types\/post"}],"author":[{"embeddable":true,"href":"https:\/\/staging.ivg.it\/ediapi\/wp\/v2\/users\/13744"}],"replies":[{"embeddable":true,"href":"https:\/\/staging.ivg.it\/ediapi\/wp\/v2\/comments?post=40725"}],"version-history":[{"count":0,"href":"https:\/\/staging.ivg.it\/ediapi\/wp\/v2\/posts\/40725\/revisions"}],"wp:attachment":[{"href":"https:\/\/staging.ivg.it\/ediapi\/wp\/v2\/media?parent=40725"}],"wp:term":[{"taxonomy":"category","embeddable":true,"href":"https:\/\/staging.ivg.it\/ediapi\/wp\/v2\/categories?post=40725"},{"taxonomy":"post_tag","embeddable":true,"href":"https:\/\/staging.ivg.it\/ediapi\/wp\/v2\/tags?post=40725"}],"curies":[{"name":"wp","href":"https:\/\/api.w.org\/{rel}","templated":true}]}}