{"id":407178,"date":"2017-04-06T08:28:06","date_gmt":"2017-04-06T06:28:06","guid":{"rendered":"http:\/\/www.ivg.it\/?p=407178"},"modified":"2017-04-06T08:28:06","modified_gmt":"2017-04-06T06:28:06","slug":"meteo-bel-tempo-qualche-nota-instabile","status":"publish","type":"post","link":"https:\/\/staging.ivg.it\/2017\/04\/meteo-bel-tempo-qualche-nota-instabile\/","title":{"rendered":"Meteo, bel tempo con qualche nota instabile"},"content":{"rendered":"<p><strong>Liguria.<\/strong> Migliora decisamente il tempo sulla nostra regione; ci\u00f2 nonostante, annuncia Limet, non mancheranno episodi di instabilit\u00e0 nel corso delle ore centrali odierne.<\/p>\n<p>Va infatti progressivamente esaurendosi l\u2019iniezione di aria moderatamente fredda, di estrazione artico-continentale, resasi protagonista di diffuse manifestazioni temporalesche, al pi\u00f9 di contenuta intensit\u00e0, sul nord-Italia nella giornata di ieri.<\/p>\n<p>A conferma di ci\u00f2, stamani, ci troviamo a commentare un\u2019alba diffusamente serena in terra ligure, \u201csporcata\u201d da residue nubi alte e velature solo sul comparto centro-levantino ove, con tutta probabilit\u00e0, nel corso delle prossime ore, vi sar\u00e0 ancora spazio per qualche localizzato episodio di instabilit\u00e0.<\/p>\n<p>Si tratter\u00e0, generalmente, di brevi piovaschi o rovesci, che dai settori montuosi (val Trebbia, val d\u2019Aveto e val di Vara) potranno sconfinare, complice la direttrice nord-orientale delle correnti alle quote superiori, fin sulle adiacenti balconate costiere (Golfo Paradiso, Tigullio e Cinque Terre).<\/p>\n<p>Permarranno buone le condizioni meteo sul resto del territorio, ad eccezione solamente dell\u2019imperiese interno, teatro anch\u2019esso di un qual certa cumulo-genesi.<\/p>\n<p>A livello termico, non assisteremo a particolari scossoni: le temperature massime si attesteranno grossomodo sui +14\/+18\u00b0C, senza apprezzabili distinzioni tra le riviere e l\u2019entroterra. Valori pi\u00f9 freschi, dell\u2019ordine di +7\/+11\u00b0C, saranno appannaggio dei maggiori rilievi alpino-appenninici.<br \/>\nIl vento settentrionale che ha caratterizzato la notte appena trascorsa, soffiando piuttosto vivacemente tra il savonese e il genovese, appare ora in fase di abbattimento, e in giornata ceder\u00e0 via via il posto a deboli brezze meridionali. Ideali, quindi, risulteranno le condizioni meteo-marine, da ponente a levante, sia sotto-costa che al largo.<\/p>\n","protected":false},"excerpt":{"rendered":"<p>Liguria. Migliora decisamente il tempo sulla nostra regione; ci\u00f2 nonostante, annuncia Limet, non mancheranno episodi di instabilit\u00e0 nel corso delle ore centrali odierne. Va infatti progressivamente esaurendosi l\u2019iniezione di aria moderatamente fredda, di estrazione artico-continentale, resasi protagonista di diffuse manifestazioni temporalesche, al pi\u00f9 di contenuta intensit\u00e0, sul nord-Italia nella giornata di ieri. A conferma di [&hellip;]<\/p>\n","protected":false},"author":10593,"featured_media":0,"comment_status":"open","ping_status":"closed","sticky":false,"template":"","format":"standard","meta":{"footnotes":""},"categories":[45296,34],"tags":[42023,652],"class_list":["post-407178","post","type-post","status-publish","format-standard","hentry","category-copertina","category-cronaca","tag-limet","tag-meteo","post_cat_citta-provincia"],"amp_validity":null,"amp_enabled":true,"_links":{"self":[{"href":"https:\/\/staging.ivg.it\/ediapi\/wp\/v2\/posts\/407178","targetHints":{"allow":["GET"]}}],"collection":[{"href":"https:\/\/staging.ivg.it\/ediapi\/wp\/v2\/posts"}],"about":[{"href":"https:\/\/staging.ivg.it\/ediapi\/wp\/v2\/types\/post"}],"author":[{"embeddable":true,"href":"https:\/\/staging.ivg.it\/ediapi\/wp\/v2\/users\/10593"}],"replies":[{"embeddable":true,"href":"https:\/\/staging.ivg.it\/ediapi\/wp\/v2\/comments?post=407178"}],"version-history":[{"count":0,"href":"https:\/\/staging.ivg.it\/ediapi\/wp\/v2\/posts\/407178\/revisions"}],"wp:attachment":[{"href":"https:\/\/staging.ivg.it\/ediapi\/wp\/v2\/media?parent=407178"}],"wp:term":[{"taxonomy":"category","embeddable":true,"href":"https:\/\/staging.ivg.it\/ediapi\/wp\/v2\/categories?post=407178"},{"taxonomy":"post_tag","embeddable":true,"href":"https:\/\/staging.ivg.it\/ediapi\/wp\/v2\/tags?post=407178"}],"curies":[{"name":"wp","href":"https:\/\/api.w.org\/{rel}","templated":true}]}}