{"id":407176,"date":"2017-04-06T08:43:22","date_gmt":"2017-04-06T06:43:22","guid":{"rendered":"http:\/\/www.ivg.it\/?p=407176"},"modified":"2017-04-06T08:43:22","modified_gmt":"2017-04-06T06:43:22","slug":"albenga-approda-consiglio-programma-triennale-delle-opere-pubbliche","status":"publish","type":"post","link":"https:\/\/staging.ivg.it\/2017\/04\/albenga-approda-consiglio-programma-triennale-delle-opere-pubbliche\/","title":{"rendered":"Albenga, approda in consiglio il programma triennale delle opere pubbliche"},"content":{"rendered":"<p><strong>Albenga<\/strong>. Consiglio comunale sotto Pasqua per maggioranza e opposizione ad Albenga. Il parlamentino della citt\u00e0 delle Torri si riunir\u00e0 luned\u00ec prossimo alle 21 con cinque argomenti che dovranno essere illustrati dall&#8217;amministrazione e quindi passati al vaglio di tutti i consiglieri.<\/p>\n<p>Al di l\u00e0 delle comunicazioni del sindaco Giorgio Cangiano il consiglio esaminer\u00e0 la convenzione per I&#8217;esercizio delle funzioni in materia di tutela del vincolo idrogeologico. In questo caso \u00e8 prevista l&#8217;approvazione di una modifica.<\/p>\n<p>Si passer\u00e0 poi alla verifica della quantit\u00e0 e qualit\u00e0 delle aree da destinarsi alla residenza ed alle attivit\u00e0\u00a0produttive e terziarie. Queste\u00a0potranno essere cedute in\u00a0propriet\u00e0 o in diritto di superficie. Ma gli argomenti &#8220;caldi&#8221; che non mancheranno di aprire il dibattito in consiglio sono la presentazione del programma triennale delle opere pubbliche 2017\/2019 con la sua approvazione, quindi la\u00a0nota di aggiornamento al Documento Unico di\u00a0Programmazione (D.U.P.) relativo al periodo 2017\/2019 e infine il bilancio di Previsione per l\u2019esercizio 2017\/2019, documento che ogni amministrazione \u00e8 tenuta a presentare in questo periodo per evitare il commissariamento.<\/p>\n","protected":false},"excerpt":{"rendered":"<p>La seduta prepasquale \u00e8 stata convocata per luned\u00ec prossimo alle 21: in discussione anche il bilancio di previsione<\/p>\n","protected":false},"author":12291,"featured_media":0,"comment_status":"open","ping_status":"closed","sticky":false,"template":"","format":"standard","meta":{"footnotes":""},"categories":[31],"tags":[5304,55094,76380],"class_list":["post-407176","post","type-post","status-publish","format-standard","hentry","category-politica","tag-bilancio-di-previsione","tag-consiglio-comunale-albenga","tag-piano-triennale-opere-pubbliche","post_cat_citta-albenga"],"amp_validity":null,"amp_enabled":true,"_links":{"self":[{"href":"https:\/\/staging.ivg.it\/ediapi\/wp\/v2\/posts\/407176","targetHints":{"allow":["GET"]}}],"collection":[{"href":"https:\/\/staging.ivg.it\/ediapi\/wp\/v2\/posts"}],"about":[{"href":"https:\/\/staging.ivg.it\/ediapi\/wp\/v2\/types\/post"}],"author":[{"embeddable":true,"href":"https:\/\/staging.ivg.it\/ediapi\/wp\/v2\/users\/12291"}],"replies":[{"embeddable":true,"href":"https:\/\/staging.ivg.it\/ediapi\/wp\/v2\/comments?post=407176"}],"version-history":[{"count":0,"href":"https:\/\/staging.ivg.it\/ediapi\/wp\/v2\/posts\/407176\/revisions"}],"wp:attachment":[{"href":"https:\/\/staging.ivg.it\/ediapi\/wp\/v2\/media?parent=407176"}],"wp:term":[{"taxonomy":"category","embeddable":true,"href":"https:\/\/staging.ivg.it\/ediapi\/wp\/v2\/categories?post=407176"},{"taxonomy":"post_tag","embeddable":true,"href":"https:\/\/staging.ivg.it\/ediapi\/wp\/v2\/tags?post=407176"}],"curies":[{"name":"wp","href":"https:\/\/api.w.org\/{rel}","templated":true}]}}