{"id":406971,"date":"2017-04-03T19:07:41","date_gmt":"2017-04-03T17:07:41","guid":{"rendered":"http:\/\/www.ivg.it\/?p=406971"},"modified":"2017-04-03T19:07:41","modified_gmt":"2017-04-03T17:07:41","slug":"albenga-al-liceo-bruno-la-consegna-delle-borse-studio-antonio-porello","status":"publish","type":"post","link":"https:\/\/staging.ivg.it\/2017\/04\/albenga-al-liceo-bruno-la-consegna-delle-borse-studio-antonio-porello\/","title":{"rendered":"Albenga, al liceo Bruno la consegna delle borse di studio &#8220;Antonio Porello&#8221;"},"content":{"rendered":"<p><strong>Albenga<\/strong>. Domani, marted\u00ec 4 aprile, alle 11 presso l&#8217;aula magna di via Dante del liceo Bruno di Albenga si svolger\u00e0 la cerimonia di consegna delle due borse di studio &#8220;Antonio Porello&#8221; relative all&#8217;anno scolastico 2015\/2016.<\/p>\n<p>Sar\u00e0 presente Bianca Menchetti Porello, il cui contributo generoso e munifico fa s\u00ec che ogni anno vengano assegnate le borse di studio che permetteranno di affrontare il primo anno di universit\u00e0 senza oneri di spesa per l&#8217;iscrizione o per i libri di testo.<\/p>\n<p>Le premiate sono Aurora Infantino e Giorgia Giuliano che nell&#8217;anno scolastico appena trascorso hanno ottenuto la maturit\u00e0 classica (hanno frequentato la classe 5B classico del Liceo G. Bruno di Albenga).<\/p>\n<p>Le borse di studio Porello vogliono onorare la memoria di Antonio Porello, gioielliere albenganese, il quale, durante gli anni della guerra, non riusc\u00ec a dedicarsi agli studi come avrebbe desiderato, travolto dagli eventi bellici che lo videro impegnato come sottotenente a combattere con gli alleati a Montecassino.<\/p>\n","protected":false},"excerpt":{"rendered":"<p>Le premiate sono Aurora Infantino e Giorgia Giuliano<\/p>\n","protected":false},"author":12120,"featured_media":0,"comment_status":"open","ping_status":"closed","sticky":false,"template":"","format":"standard","meta":{"footnotes":""},"categories":[56],"tags":[10279,63763],"class_list":["post-406971","post","type-post","status-publish","format-standard","hentry","category-altre","tag-borse-di-studio","tag-liceo-bruno-albenga","post_cat_citta-albenga","post_tag_personaggi-antonio-porello","post_tag_personaggi-aurora-infantino","post_tag_personaggi-bianca-menchetti-porello","post_tag_personaggi-giorgia-giuliano"],"amp_validity":null,"amp_enabled":true,"_links":{"self":[{"href":"https:\/\/staging.ivg.it\/ediapi\/wp\/v2\/posts\/406971","targetHints":{"allow":["GET"]}}],"collection":[{"href":"https:\/\/staging.ivg.it\/ediapi\/wp\/v2\/posts"}],"about":[{"href":"https:\/\/staging.ivg.it\/ediapi\/wp\/v2\/types\/post"}],"author":[{"embeddable":true,"href":"https:\/\/staging.ivg.it\/ediapi\/wp\/v2\/users\/12120"}],"replies":[{"embeddable":true,"href":"https:\/\/staging.ivg.it\/ediapi\/wp\/v2\/comments?post=406971"}],"version-history":[{"count":0,"href":"https:\/\/staging.ivg.it\/ediapi\/wp\/v2\/posts\/406971\/revisions"}],"wp:attachment":[{"href":"https:\/\/staging.ivg.it\/ediapi\/wp\/v2\/media?parent=406971"}],"wp:term":[{"taxonomy":"category","embeddable":true,"href":"https:\/\/staging.ivg.it\/ediapi\/wp\/v2\/categories?post=406971"},{"taxonomy":"post_tag","embeddable":true,"href":"https:\/\/staging.ivg.it\/ediapi\/wp\/v2\/tags?post=406971"}],"curies":[{"name":"wp","href":"https:\/\/api.w.org\/{rel}","templated":true}]}}