{"id":406786,"date":"2017-03-31T19:13:38","date_gmt":"2017-03-31T17:13:38","guid":{"rendered":"http:\/\/www.ivg.it\/?p=406786"},"modified":"2017-03-31T19:13:38","modified_gmt":"2017-03-31T17:13:38","slug":"tentanto-scippo-ad-albenga-ragazza-reagisce-mette-fuga-laggressore","status":"publish","type":"post","link":"https:\/\/staging.ivg.it\/2017\/03\/tentanto-scippo-ad-albenga-ragazza-reagisce-mette-fuga-laggressore\/","title":{"rendered":"Tentanto scippo ad Albenga, ragazza reagisce e mette in fuga l&#8217;aggressore"},"content":{"rendered":"<p><strong>Albenga.<\/strong> E&#8217; successo nel pomeriggio di Albenga, tra viale 8 Marzo e via Pontelungo: secondo quanto appreso una ragazza che stava passeggiando \u00e8 stata avvicinata e aggredita alle spalle da un cittadino marocchino, che ha tentato di strapparle la borsa e darsi alla fuga<\/p>\n<p>La ragazza, per\u00f2, non ha mollato la presa e ha tenuto la borsa ben stretta, poi si \u00e8 messa ad urlare con lo straniero che \u00e8 fuggito a piedi facendo perdere le proprie tracce.<\/p>\n<p>La ragazza ha dato l&#8217;allarme e sul posto sono intervenuti i carabinieri di Albenga che stanno ricercando l&#8217;extracomunitario responsabile dell&#8217;episodio. E&#8217; stata fornita una sommaria descrizione e sono in corso le ricerche dei militari. Fortunatamente la ragazza pare sia rimasta illesa e non abbia riportato ferite.<\/p>\n","protected":false},"excerpt":{"rendered":"<p>Albenga. E&#8217; successo nel pomeriggio di Albenga, tra viale 8 Marzo e via Pontelungo: secondo quanto appreso una ragazza che stava passeggiando \u00e8 stata avvicinata e aggredita alle spalle da un cittadino marocchino, che ha tentato di strapparle la borsa e darsi alla fuga La ragazza, per\u00f2, non ha mollato la presa e ha tenuto [&hellip;]<\/p>\n","protected":false},"author":4,"featured_media":0,"comment_status":"open","ping_status":"closed","sticky":false,"template":"","format":"standard","meta":{"footnotes":""},"categories":[34],"tags":[228,93071],"class_list":["post-406786","post","type-post","status-publish","format-standard","hentry","category-cronaca","tag-carabinieri","tag-tentato-scippo","post_cat_citta-albenga"],"amp_validity":null,"amp_enabled":true,"_links":{"self":[{"href":"https:\/\/staging.ivg.it\/ediapi\/wp\/v2\/posts\/406786","targetHints":{"allow":["GET"]}}],"collection":[{"href":"https:\/\/staging.ivg.it\/ediapi\/wp\/v2\/posts"}],"about":[{"href":"https:\/\/staging.ivg.it\/ediapi\/wp\/v2\/types\/post"}],"author":[{"embeddable":true,"href":"https:\/\/staging.ivg.it\/ediapi\/wp\/v2\/users\/4"}],"replies":[{"embeddable":true,"href":"https:\/\/staging.ivg.it\/ediapi\/wp\/v2\/comments?post=406786"}],"version-history":[{"count":0,"href":"https:\/\/staging.ivg.it\/ediapi\/wp\/v2\/posts\/406786\/revisions"}],"wp:attachment":[{"href":"https:\/\/staging.ivg.it\/ediapi\/wp\/v2\/media?parent=406786"}],"wp:term":[{"taxonomy":"category","embeddable":true,"href":"https:\/\/staging.ivg.it\/ediapi\/wp\/v2\/categories?post=406786"},{"taxonomy":"post_tag","embeddable":true,"href":"https:\/\/staging.ivg.it\/ediapi\/wp\/v2\/tags?post=406786"}],"curies":[{"name":"wp","href":"https:\/\/api.w.org\/{rel}","templated":true}]}}