{"id":406590,"date":"2017-03-29T16:21:20","date_gmt":"2017-03-29T14:21:20","guid":{"rendered":"http:\/\/www.ivg.it\/?p=406590"},"modified":"2017-03-29T16:37:15","modified_gmt":"2017-03-29T14:37:15","slug":"incontro-sindacale-savona-flc-cgil-salvare-la-scuola-pubblica-dai-tagli-dai-privati","status":"publish","type":"post","link":"https:\/\/staging.ivg.it\/2017\/03\/incontro-sindacale-savona-flc-cgil-salvare-la-scuola-pubblica-dai-tagli-dai-privati\/","title":{"rendered":"Incontro sindacale a Savona, Flc-Cgil: &#8220;Salvare la scuola pubblica dai tagli e dai privati&#8221;"},"content":{"rendered":"<p><strong>Savona.<\/strong> L\u2019ultimo provvedimento che licenzia le deleghe alla legge 107\/2015 sulla scuola: questo il tema al centro dell\u2019incontro sindacale che si \u00e8 svolto questa mattina presso l\u2019aula magna del Liceo Chiabrera di Savona, organizzato dalla Flc-Cgil, che ha voluto spiegare le conseguenze negative anche per il savonese della recente misura adottata dal Ministero dell\u2019Istruzione.<\/p>\n<p>\u201cUn provvedimento grave che mette a rischio i percorsi di inclusione, i percorsi pre-scolari, l\u2019istruzione professionale, insomma \u00e8 in discussione la qualit\u00e0 della nostra scuola pubblica e i suoi servizi ai ragazzi\u201d afferma Anna Fedeli, segretaria nazionale Flc Cgil, che si \u00e8 soffermata sui punti critici dei cambiamenti voluti dal governo e al centro della battaglia sindacale. \u201cSi va indietro di 40 anni con un piano assolutamente disarticolato della formazione scolastica che produrr\u00e0 pessimi risultati\u201d.<\/p>\n<p>\u201cAnche le ore di sostegno sono in pericolo, si attacca la legge 104 ed \u00e8 una delega funzionale solo ai tagli nella scuola. Quanto all&#8217;istruzione professionale solo destinata all&#8217;inserimento futuro nel mondo del lavoro, con la riduzione di ore di italiano, storia o materie umanistiche rappresenta un arretramento culturale per i nostri studenti\u201d aggiunge ancora l\u2019esponente sindacale. <div class=\"single-img-content-container fullwidth-single shortcode standard\">\n    <div class=\"image_container\" style=\"text-align: center;\">\n        <picture class=\" lazyload\"><img loading=\"lazy\" class=\"lazy\" data-srcset=\"https:\/\/www.ivg.it\/photogallery_new\/images\/2017\/03\/scuola-sindacati-392024.jpg 1024w, https:\/\/www.ivg.it\/photogallery_new\/images\/2017\/03\/scuola-sindacati-392024.jpg 970w, https:\/\/www.ivg.it\/photogallery_new\/images\/2017\/03\/scuola-sindacati-392024.jpg 660w, https:\/\/www.ivg.it\/photogallery_new\/images\/2017\/03\/scuola-sindacati-392024.jpg 316w, https:\/\/www.ivg.it\/photogallery_new\/images\/2017\/03\/scuola-sindacati-392024.jpg 150w\"  data-src=\"https:\/\/www.ivg.it\/photogallery_new\/images\/2017\/03\/scuola-sindacati-392024.jpg\" alt=\"scuola sindacati\" \/><\/picture>\r\n\n    <\/div>\n    <\/div>\n<\/p>\n<p>\u201cOggi c\u2019\u00e8 stata grande partecipazione perch\u00e9 il tema \u00e8 molto sentito: docenti e personale tecnico-amministrativo hanno voglia di salvare la scuola pubblica, che non deve essere svenduta, ma semmai valorizzata e ammodernata: la lotta tra pubblico-privato non aiuta\u201d.<\/p>\n<p>E anche nel savonese non mancano i problemi nazionali come la carenza di risorse e organici, classi sovraffollate, accorpamenti e istituti che chiudono: \u201cA volte c\u2019\u00e8 anche arrendevolezza di fronte a certe difficili situazioni che interessano le scuole e le strutture pubbliche: se la scuola pubblica italiana non \u00e8 pi\u00f9 quella disegnata dalla nostra Costituzione \u00e8 a rischio anche la democrazia nel nostro Paese\u201d conclude il segretario Fedeli.<\/p>\n","protected":false},"excerpt":{"rendered":"<p>Savona. L\u2019ultimo provvedimento che licenzia le deleghe alla legge 107\/2015 sulla scuola: questo il tema al centro dell\u2019incontro sindacale che si \u00e8 svolto questa mattina presso l\u2019aula magna del Liceo Chiabrera di Savona, organizzato dalla Flc-Cgil, che ha voluto spiegare le conseguenze negative anche per il savonese della recente misura adottata dal Ministero dell\u2019Istruzione. \u201cUn [&hellip;]<\/p>\n","protected":false},"author":4,"featured_media":0,"comment_status":"open","ping_status":"closed","sticky":false,"template":"","format":"standard","meta":{"footnotes":""},"categories":[56],"tags":[6882,199,6884],"class_list":["post-406590","post","type-post","status-publish","format-standard","hentry","category-altre","tag-flc-cgil","tag-scuola","tag-scuola-pubblica","post_cat_citta-savona","post_tag_personaggi-anna-fedeli"],"amp_validity":null,"amp_enabled":true,"_links":{"self":[{"href":"https:\/\/staging.ivg.it\/ediapi\/wp\/v2\/posts\/406590","targetHints":{"allow":["GET"]}}],"collection":[{"href":"https:\/\/staging.ivg.it\/ediapi\/wp\/v2\/posts"}],"about":[{"href":"https:\/\/staging.ivg.it\/ediapi\/wp\/v2\/types\/post"}],"author":[{"embeddable":true,"href":"https:\/\/staging.ivg.it\/ediapi\/wp\/v2\/users\/4"}],"replies":[{"embeddable":true,"href":"https:\/\/staging.ivg.it\/ediapi\/wp\/v2\/comments?post=406590"}],"version-history":[{"count":0,"href":"https:\/\/staging.ivg.it\/ediapi\/wp\/v2\/posts\/406590\/revisions"}],"wp:attachment":[{"href":"https:\/\/staging.ivg.it\/ediapi\/wp\/v2\/media?parent=406590"}],"wp:term":[{"taxonomy":"category","embeddable":true,"href":"https:\/\/staging.ivg.it\/ediapi\/wp\/v2\/categories?post=406590"},{"taxonomy":"post_tag","embeddable":true,"href":"https:\/\/staging.ivg.it\/ediapi\/wp\/v2\/tags?post=406590"}],"curies":[{"name":"wp","href":"https:\/\/api.w.org\/{rel}","templated":true}]}}