{"id":406456,"date":"2017-03-28T11:41:02","date_gmt":"2017-03-28T09:41:02","guid":{"rendered":"http:\/\/www.ivg.it\/?p=406456"},"modified":"2017-03-28T11:53:29","modified_gmt":"2017-03-28T09:53:29","slug":"tir-travolge-due-operai-sciopero-manifestazione-dei-sindacati-basta-morti-nei-cantieri","status":"publish","type":"post","link":"https:\/\/staging.ivg.it\/2017\/03\/tir-travolge-due-operai-sciopero-manifestazione-dei-sindacati-basta-morti-nei-cantieri\/","title":{"rendered":"Tir travolge due operai, sciopero e manifestazione dei sindacati: &#8220;Basta morti nei cantieri&#8221;"},"content":{"rendered":"<p><strong>Liguria.<\/strong> Morti e feriti: questo il tragico bilancio dell&#8217;ennesimo incidente determinato da un camion che ha travolto un cantiere edile nel tratto autostradale compreso fra Albisola e Celle Ligure, con la morte di due operai. Fillea Cgil Filca Cisl Feneal Uil organizzano per gioved\u00ec 30 marzo uno sciopero generale della categoria con le parole d&#8217;ordine: &#8220;Non si deve pi\u00f9 morire nei cantieri edili! Non si deve pi\u00f9 morire sul lavoro!&#8221;.<\/p>\n<p>La voce degli edili deve essere ascoltata dalle istituzioni che devono far rispettare le norme e recepire le proposte del sindacato sulla sicurezza. [LEGGI]<\/p>\n<p>A sostegno della vertenza, Fillea Cgil Filca Cisl Feneal Uil, proclamano sciopero regionale dell&#8217;edilizia per gioved\u00ec 30 marzo 2017 con manifestazione a Genova alla quale parteciperanno delegazioni delle province liguri. L&#8217;appuntamento \u00e8 fissato per le ore 8,30 in piazza della Vittoria (lato Inps), da dove partir\u00e0 il corteo verso la Prefettura.<\/p>\n","protected":false},"excerpt":{"rendered":"<p>Liguria. Morti e feriti: questo il tragico bilancio dell&#8217;ennesimo incidente determinato da un camion che ha travolto un cantiere edile nel tratto autostradale compreso fra Albisola e Celle Ligure, con la morte di due operai. Fillea Cgil Filca Cisl Feneal Uil organizzano per gioved\u00ec 30 marzo uno sciopero generale della categoria con le parole d&#8217;ordine: [&hellip;]<\/p>\n","protected":false},"author":4,"featured_media":0,"comment_status":"open","ping_status":"closed","sticky":false,"template":"","format":"standard","meta":{"footnotes":""},"categories":[34,35],"tags":[14706,92962],"class_list":["post-406456","post","type-post","status-publish","format-standard","hentry","category-cronaca","category-economia","tag-edili","tag-tir-travolge-cantiere","post_cat_citta-albisola-superiore","post_cat_citta-celle-ligure"],"amp_validity":null,"amp_enabled":true,"_links":{"self":[{"href":"https:\/\/staging.ivg.it\/ediapi\/wp\/v2\/posts\/406456","targetHints":{"allow":["GET"]}}],"collection":[{"href":"https:\/\/staging.ivg.it\/ediapi\/wp\/v2\/posts"}],"about":[{"href":"https:\/\/staging.ivg.it\/ediapi\/wp\/v2\/types\/post"}],"author":[{"embeddable":true,"href":"https:\/\/staging.ivg.it\/ediapi\/wp\/v2\/users\/4"}],"replies":[{"embeddable":true,"href":"https:\/\/staging.ivg.it\/ediapi\/wp\/v2\/comments?post=406456"}],"version-history":[{"count":0,"href":"https:\/\/staging.ivg.it\/ediapi\/wp\/v2\/posts\/406456\/revisions"}],"wp:attachment":[{"href":"https:\/\/staging.ivg.it\/ediapi\/wp\/v2\/media?parent=406456"}],"wp:term":[{"taxonomy":"category","embeddable":true,"href":"https:\/\/staging.ivg.it\/ediapi\/wp\/v2\/categories?post=406456"},{"taxonomy":"post_tag","embeddable":true,"href":"https:\/\/staging.ivg.it\/ediapi\/wp\/v2\/tags?post=406456"}],"curies":[{"name":"wp","href":"https:\/\/api.w.org\/{rel}","templated":true}]}}