{"id":405906,"date":"2017-03-21T11:31:35","date_gmt":"2017-03-21T10:31:35","guid":{"rendered":"http:\/\/www.ivg.it\/?p=405906"},"modified":"2017-03-21T12:30:42","modified_gmt":"2017-03-21T11:30:42","slug":"riunione-del-comitato-genitori-savona-giu-le-mani-mense-asili","status":"publish","type":"post","link":"https:\/\/staging.ivg.it\/2017\/03\/riunione-del-comitato-genitori-savona-giu-le-mani-mense-asili\/","title":{"rendered":"Prima riunione del Comitato Genitori Savona: &#8220;Gi\u00f9 le mani da mense e asili&#8221;"},"content":{"rendered":"<p><strong>Savona.<\/strong> Si terr\u00e0 domani alle 18 presso la libreria Ubik il primo incontro del neonato Comitato Genitori Savona, fondato lo scorso 8 marzo sulla scia dell&#8217;esperienza del movimento spontaneo &#8220;NoiDiciamoNo&#8221;. Il Comitato \u00e8 stato creato con l&#8217;obiettivo di opporsi ai recenti aumenti decisi dal Comune in materia di mense e asili, ma pi\u00f9 in generale a tutti quei &#8220;tagli&#8221; che possono avere una ripercussione sui nuclei familiari in difficolt\u00e0 economiche.<\/p>\n<p>&#8220;La politica di tagli dell&#8217;attuale Amministrazione comunale savonese non ha risparmiato le fasce pi\u00f9 deboli, tra cui i bambini &#8211; fanno sapere gli organizzatori dell&#8217;incontro &#8211; sono stati recentemente inseriti a bilancio significativi tagli e quindi aumenti per mense e asili. Questi provvedimenti avranno una ripercussione per i nuclei familiari gi\u00e0 in difficolt\u00e0 economiche, a riprova che queste scelte politiche non mirano a tutelare la famiglia&#8221;.<\/p>\n<p>Molte mamme savonesi si sono ribellate dando vita ad azioni di lotta e di protesta. che si sono tradotte anche in una parziale vittoria, nel consiglio comunale di fine dicembre 2016, con il dietrofront dell\u2019amministrazione Caprioglio sugli aumenti negli asili nido (rimandati a settembre) e una minima revisione di quelli legati alle mense (con riduzioni per i secondi figli iscritti a tempo pieno). La successiva decisione di chiudere dal prossimo anno l\u2019asilo La Giostra, per\u00f2, ha riacceso gli animi, portando anche alla presentazione, lo scorso 16 marzo, di un ricorso al Presidente della Repubblica Sergio Mattarella.<\/p>\n<p>E\u00a0domani, al primo incontro &#8220;ufficiale&#8221; dopo quelli spontanei dei mesi scorsi, sul tavolo ci sar\u00e0 anche il tentativo di salvare i campi solari estivi (soppressi dall&#8217;amministrazione comunale): l&#8217;idea \u00e8 quella di raccogliere un sufficiente numero di iscritti per poi proporre un accordo tra il Comune ed alcune cooperative.<\/p>\n<p>&#8220;Il Comitato vuole adoperarsi per la riduzione degli aumenti tariffari degli asili nido, l&#8217;applicazione puntuale dell&#8217;Isee, il monitoraggio dei piani comunali, la vigilanza delle gare al ribasso per le mense, il diritto del pasto da casa&#8230; e molto altro ancora. E&#8217; importante unire le forze di tutte le famiglie e convogliarle in qualcosa di univoco e costruttivo&#8221; afferma\u00a0il Comitato. Che ora chiede a gran voce di partecipare al consiglio comunale straordinario di gioved\u00ec, incentrato proprio sul sociale: un consiglio monotematico al quale sono state invitate dieci realt\u00e0, ma non il Comitato.<\/p>\n","protected":false},"excerpt":{"rendered":"<p>Domani un incontro per raccogliere iscrizioni e trovare soluzioni, richiesta la partecipazione al consiglio straordinario del 23<\/p>\n","protected":false},"author":10593,"featured_media":0,"comment_status":"open","ping_status":"closed","sticky":false,"template":"","format":"standard","meta":{"footnotes":""},"categories":[45296,56,34,31],"tags":[91990,92584,91391,8169,3636],"class_list":["post-405906","post","type-post","status-publish","format-standard","hentry","category-copertina","category-altre","category-cronaca","category-politica","tag-chiusura-asilo-savona","tag-comitato-genitori-savona","tag-esercito-dei-passeggini","tag-mensa-scolastica","tag-tariffe","post_cat_citta-savona"],"amp_validity":null,"amp_enabled":true,"_links":{"self":[{"href":"https:\/\/staging.ivg.it\/ediapi\/wp\/v2\/posts\/405906","targetHints":{"allow":["GET"]}}],"collection":[{"href":"https:\/\/staging.ivg.it\/ediapi\/wp\/v2\/posts"}],"about":[{"href":"https:\/\/staging.ivg.it\/ediapi\/wp\/v2\/types\/post"}],"author":[{"embeddable":true,"href":"https:\/\/staging.ivg.it\/ediapi\/wp\/v2\/users\/10593"}],"replies":[{"embeddable":true,"href":"https:\/\/staging.ivg.it\/ediapi\/wp\/v2\/comments?post=405906"}],"version-history":[{"count":0,"href":"https:\/\/staging.ivg.it\/ediapi\/wp\/v2\/posts\/405906\/revisions"}],"wp:attachment":[{"href":"https:\/\/staging.ivg.it\/ediapi\/wp\/v2\/media?parent=405906"}],"wp:term":[{"taxonomy":"category","embeddable":true,"href":"https:\/\/staging.ivg.it\/ediapi\/wp\/v2\/categories?post=405906"},{"taxonomy":"post_tag","embeddable":true,"href":"https:\/\/staging.ivg.it\/ediapi\/wp\/v2\/tags?post=405906"}],"curies":[{"name":"wp","href":"https:\/\/api.w.org\/{rel}","templated":true}]}}