{"id":404958,"date":"2017-03-08T11:37:09","date_gmt":"2017-03-08T10:37:09","guid":{"rendered":"http:\/\/www.ivg.it\/?p=404958"},"modified":"2017-03-08T13:11:12","modified_gmt":"2017-03-08T12:11:12","slug":"incendio-al-deposito-camper-emergenza-rientrata-nellentroterra-albenganese-acqua-ok","status":"publish","type":"post","link":"https:\/\/staging.ivg.it\/2017\/03\/incendio-al-deposito-camper-emergenza-rientrata-nellentroterra-albenganese-acqua-ok\/","title":{"rendered":"Incendio al deposito di camper, emergenza rientrata nell&#8217;entroterra albenganese: acqua ok"},"content":{"rendered":"<p><strong>Ortovero.<\/strong> L&#8217;<strong>emergenza<\/strong> sembra essere <strong>rientrata<\/strong>, anche se saranno necessarie ulteriori conferme di laboratorio, in particolare su alcuni agenti chimici. Insomma ad Ortovero<strong> i parametri dell&#8217;acqua sarebbero nella norma<\/strong>, dopo che le prime analisi avevano riscontrato livelli di inquinamento con la presenza di idrocarburi e schiumogeni.<\/p>\n<p>Situazione ok anche per i comuni di <strong>Villanova d&#8217;Albenga e Casanova Lerrone<\/strong>: \u00e8 quanto \u00e8 emerso questa mattina dal vertice che si \u00e8 svolto in Prefettura sull&#8217;emergenza ambientale provocata dal terribile <strong>incendio al deposito di camper in localit\u00e0 Pogli<\/strong> ad Ortovero e che ha costretto i sindaci dei comuni dell&#8217;entroterra albenganese ad emanare ordinanze specifiche sul divieto di utilizzo dell&#8217;acqua, con la protezione civile in azione da ieri per garantire l&#8217;approvvigionamento idrico alla popolazione.<\/p>\n<p>La <strong>conferma<\/strong> dell&#8217;emergenza ormai rientrata \u00e8 arrivata dal <strong>direttore tecnico di Ponente Acque, Adriano Baldini:<\/strong> &#8220;I nostri risultati confermano che il problema inquinamento \u00e8 superato e i parametri sono rientrati nella norma, ma naturalmente attendiamo nelle prossime ore le ultime verifiche di Arpal e Asl prima di pronunciarsi in maniera definitiva&#8221;. <\/p>\n<p>Soddisfazione da parte del <strong>sindaco di Villanova d&#8217;Albenga Pietro Balestra<\/strong>: &#8220;Non c&#8217;\u00e8 inquinamento chimico o presenza di idrocarburi nelle nostre acque e questa \u00e8 stata davvero una bella notizia: possiamo tranquillizzare la popolazione, da oggi si pu\u00f2 tornare ad utilizzare l&#8217;acqua e in giornata revocheremo le ordinanze. Inoltre sono stati fatti accertamenti sull&#8217;aria e non ci sono problematiche di sorta&#8221;. [foto id=<\/p>\n<p>&#8220;Oggi possiamo finalmente sorridere, noi sindaci e sopratutto i cittadini di Ortovero, Villanova e Casanova Lerrone: <strong>si ritorna finalmente alla normalit\u00e0<\/strong> e fortunatamente gli esami e i controlli specifici effettuati hanno dato esito negativo e tempo di arrivare in Comune sono pronto a revocare l&#8217;ordinanza che aveva creato inevitabili disagi alla popolazione, tuttavia era indispensabile prendere provvedimenti per tutelare la salute pubblica in attesa dei riscontri scientifici su acqua e aria&#8221; <strong>ha detto il sindaco di Ortovero Andrea Delfino.<\/strong><\/p>\n<p>Quanto alle indagini in corso per capire le <strong>cause e i motivi del rogo<\/strong>: &#8220;Cosa \u00e8 successo lo dovranno accertare altri e siamo naturalmente in attesa: ora quello che conta \u00e8 stato scongiurare una emergenza che poteva avere gravi conseguenze per le zone dell&#8217;entroterra albenganese&#8221; ha concluso Delfino.<\/p>\n","protected":false},"excerpt":{"rendered":"<p>La soddisfazione dei sindaci, pronti a revocare le ordinanze. Proseguono le indagini sulle cause del rogo<\/p>\n","protected":false},"author":4,"featured_media":0,"comment_status":"open","ping_status":"closed","sticky":false,"template":"","format":"standard","meta":{"footnotes":""},"categories":[45296,34,31],"tags":[423],"class_list":["post-404958","post","type-post","status-publish","format-standard","hentry","category-copertina","category-cronaca","category-politica","tag-incendio","post_cat_citta-casanova-lerrone","post_cat_citta-ortovero","post_cat_citta-villanova-dalbenga","post_tag_personaggi-adriano-baldini","post_tag_personaggi-andrea-delfino","post_tag_personaggi-pietro-balestra-2"],"amp_validity":null,"amp_enabled":true,"_links":{"self":[{"href":"https:\/\/staging.ivg.it\/ediapi\/wp\/v2\/posts\/404958","targetHints":{"allow":["GET"]}}],"collection":[{"href":"https:\/\/staging.ivg.it\/ediapi\/wp\/v2\/posts"}],"about":[{"href":"https:\/\/staging.ivg.it\/ediapi\/wp\/v2\/types\/post"}],"author":[{"embeddable":true,"href":"https:\/\/staging.ivg.it\/ediapi\/wp\/v2\/users\/4"}],"replies":[{"embeddable":true,"href":"https:\/\/staging.ivg.it\/ediapi\/wp\/v2\/comments?post=404958"}],"version-history":[{"count":0,"href":"https:\/\/staging.ivg.it\/ediapi\/wp\/v2\/posts\/404958\/revisions"}],"wp:attachment":[{"href":"https:\/\/staging.ivg.it\/ediapi\/wp\/v2\/media?parent=404958"}],"wp:term":[{"taxonomy":"category","embeddable":true,"href":"https:\/\/staging.ivg.it\/ediapi\/wp\/v2\/categories?post=404958"},{"taxonomy":"post_tag","embeddable":true,"href":"https:\/\/staging.ivg.it\/ediapi\/wp\/v2\/tags?post=404958"}],"curies":[{"name":"wp","href":"https:\/\/api.w.org\/{rel}","templated":true}]}}