{"id":404715,"date":"2017-03-06T07:41:26","date_gmt":"2017-03-06T06:41:26","guid":{"rendered":"http:\/\/www.ivg.it\/?p=404715"},"modified":"2017-03-06T07:41:26","modified_gmt":"2017-03-06T06:41:26","slug":"le-proteste-lo-sciopero-dei-pescatori-cessato-timori-non-svaniscono","status":"publish","type":"post","link":"https:\/\/staging.ivg.it\/2017\/03\/le-proteste-lo-sciopero-dei-pescatori-cessato-timori-non-svaniscono\/","title":{"rendered":"Dopo le proteste lo sciopero dei pescatori \u00e8 cessato ma i timori non svaniscono"},"content":{"rendered":"<p><strong>Savona. <\/strong> Possono tirare un sospiro di sollievo gli albergatori, i ristoratori, ma anche i titolari di pescherie della provincia e quindi i semplici cittadini, che temevano che la serrata potesse andare avanti anche questa settimana dopo le proteste dei giorni scorsi in Riviera e soprattutto nella Capitale.<\/p>\n<p>Da oggi si torna a pescare, lo sciopero delle reti al momento \u00e8 sospeso. Il mondo della pesca, e quello delle principali marinerie attive in Riviera per ora depone gli arpioni e torna a sperare nel dialogo per contrastare il possibile arrivo di maxi-multe dall\u2019Unione europea per il pesce sottomisura.<\/p>\n<p>L\u2019ammiraglio della capitaneria di porto della Liguria Giovanni Pettorino ha ascoltato i pescatori e li ha rassicurati che, dove potr\u00e0, si far\u00e0 carico delle loro istanze: ovviamente deve fare rispettare la legge ma ha capito le motivazioni che ci hanno portato a scioperare e a protestare in questi giorni.<\/p>\n<p>A colloquio con Pettorino c&#8217;era una rappresentanza di dieci persone in tutto, provenienti da ogni parte della Liguria, in rappresentanza delle diverse categorie di pesca. Lo sciopero a oltranza che pi\u00f9 pescatori hanno portato avanti, da marted\u00ec scorso, dopo la protesta davanti a Montecitorio con scontri e fumogeni, al momento \u00e8 quindi sospeso. Anche il corteo annunciato a Genova, non si \u00e8 tenuto alla luce delle aperture arrivate da Roma. &#8220;Da Roma sappiamo che il Ministero si \u00e8 preso 15 giorni di tempo, sulla legge che contestiamo. Vedremo cosa accadr\u00e0 e al momento mostriamo la nostra volont\u00e0, tornando a pescare&#8221;.<\/p>\n","protected":false},"excerpt":{"rendered":"<p>&#8220;Da Roma sappiamo che il Ministero si \u00e8 preso 15 giorni di tempo, sulla legge che contestiamo. Vedremo cosa accadr\u00e0&#8221;<\/p>\n","protected":false},"author":12291,"featured_media":0,"comment_status":"open","ping_status":"closed","sticky":false,"template":"","format":"standard","meta":{"footnotes":""},"categories":[56],"tags":[1784,2152,2618],"class_list":["post-404715","post","type-post","status-publish","format-standard","hentry","category-altre","tag-pescatori","tag-sciopero","tag-unione-europea","post_cat_citta-savona","post_tag_personaggi-giovanni-pettorino"],"amp_validity":null,"amp_enabled":true,"_links":{"self":[{"href":"https:\/\/staging.ivg.it\/ediapi\/wp\/v2\/posts\/404715","targetHints":{"allow":["GET"]}}],"collection":[{"href":"https:\/\/staging.ivg.it\/ediapi\/wp\/v2\/posts"}],"about":[{"href":"https:\/\/staging.ivg.it\/ediapi\/wp\/v2\/types\/post"}],"author":[{"embeddable":true,"href":"https:\/\/staging.ivg.it\/ediapi\/wp\/v2\/users\/12291"}],"replies":[{"embeddable":true,"href":"https:\/\/staging.ivg.it\/ediapi\/wp\/v2\/comments?post=404715"}],"version-history":[{"count":0,"href":"https:\/\/staging.ivg.it\/ediapi\/wp\/v2\/posts\/404715\/revisions"}],"wp:attachment":[{"href":"https:\/\/staging.ivg.it\/ediapi\/wp\/v2\/media?parent=404715"}],"wp:term":[{"taxonomy":"category","embeddable":true,"href":"https:\/\/staging.ivg.it\/ediapi\/wp\/v2\/categories?post=404715"},{"taxonomy":"post_tag","embeddable":true,"href":"https:\/\/staging.ivg.it\/ediapi\/wp\/v2\/tags?post=404715"}],"curies":[{"name":"wp","href":"https:\/\/api.w.org\/{rel}","templated":true}]}}