{"id":404607,"date":"2017-03-03T17:41:32","date_gmt":"2017-03-03T16:41:32","guid":{"rendered":"http:\/\/www.ivg.it\/?p=404607"},"modified":"2017-03-03T18:01:46","modified_gmt":"2017-03-03T17:01:46","slug":"danni-alluvionali-emendamento-del-pd-salvare-risarcimenti-vazio-promessa-mantenuta","status":"publish","type":"post","link":"https:\/\/staging.ivg.it\/2017\/03\/danni-alluvionali-emendamento-del-pd-salvare-risarcimenti-vazio-promessa-mantenuta\/","title":{"rendered":"Danni alluvionali, emendamento del Pd per salvare i risarcimenti. Vazio: &#8220;Promessa mantenuta&#8221;"},"content":{"rendered":"<p><strong>Albenga. <\/strong>I deputati del Pd Franco Vazio, Anna Giacobbe, Lorenzo Basso, Mara Carocci, Mario Tullo e Massimo Fiorio hanno presentato oggi un emendamento per salvare il risarcimento dei danni delle imprese agricole relativi all&#8217;alluvione 2014. L&#8217;obiettivo del partito Democratico \u00e8 quello di rimediare al contestato <a href=\"http:\/\/www.ivg.it\/2017\/02\/danni-alluvionali-pd-ancora-allattacco-toti-ammesso-lerrore-la-richiesta-danni-mandare-mesi\/\" target=\"_blank\">errore<\/a> della Regione Liguria: &#8220;Avevamo promesso di non lasciare da sole le nostre imprese agricole e cos\u00ec \u00e8 stato&#8221; ha commentato l&#8217;On. Franco Vazio, al centro di una forte polemica con l&#8217;ente regionale per i mancati finanziamenti alle aziende agricole danneggiate.<\/p>\n<p>&#8220;Abbiamo presentato oggi un emendamento al Decreto Legge (Terremoto) AC 4286 per tentare di sanare l\u2019errore dell\u2019assessore Mai e della Regione Liguria e quindi di salvare il risarcimento dei danni alluvionali subiti dalle imprese agricole liguri\u201d afferma Franco Vazio, deputato ligure del Pd e vice presidente della commissione Giustizia della Camera.<\/p>\n<p>\u201cQuesto emendamento, se approvato, va a cancellare una grossa sperequazione tra imprese che hanno subito analoghi danni e che ha come discrimine solo il fatto di essere imprese liguri mal rappresentati da Mai e Toti\u201d aggiunge Vazio. <\/p>\n<p>La deputata savonese Anna Giacobbe aggiunge: \u201cAbbiamo chiare le responsabilit\u00e0 degli errori commessi, ma la cosa pi\u00f9 importante \u00e8 dare risposta alle imprese e consentire loro di continuare le propria attivit\u00e0, con il sostegno dovuto e con un po\u2019 di fiducia nelle istituzioni\u201d.<\/p>\n<p>E i deputati Pd aggiungono: \u201cAvevamo promesso di non lasciare da sole le nostre imprese agricole e cos\u00ec \u00e8 stato. Per la preparazione e per la presentazione di questo emendamento, con il decisivo aiuto del Sottosegretario Paola De Micheli, abbiamo fatto un grande lavoro di raccordo tra Ministero dell\u2019Economia e delle Finanze e Protezione Civile; per questa ragione, bench\u00e9 sia una situazione difficile, e quasi disperata, siamo comunque fiduciosi\u201d.<\/p>\n<p>L&#8217;On. Vazio, con un punta di ironia, conclude non senza polemica (ancora!) nei confronti della Regione e dell&#8217;amministrazione di centrodestra: \u201cSperiamo solo che ora lo splendido assessore Mai e l\u2019esimio Presidente Toti, non vadano a dire che non hanno sbagliato nulla, che l\u2019emendamento non serve e che in Liguria i fondi ci sono\u201d.<\/p>\n","protected":false},"excerpt":{"rendered":"<p>Albenga. I deputati del Pd Franco Vazio, Anna Giacobbe, Lorenzo Basso, Mara Carocci, Mario Tullo e Massimo Fiorio hanno presentato oggi un emendamento per salvare il risarcimento dei danni delle imprese agricole relativi all&#8217;alluvione 2014. L&#8217;obiettivo del partito Democratico \u00e8 quello di rimediare al contestato errore della Regione Liguria: &#8220;Avevamo promesso di non lasciare da [&hellip;]<\/p>\n","protected":false},"author":4,"featured_media":0,"comment_status":"open","ping_status":"closed","sticky":false,"template":"","format":"standard","meta":{"footnotes":""},"categories":[45296,35,31],"tags":[67677,7280],"class_list":["post-404607","post","type-post","status-publish","format-standard","hentry","category-copertina","category-economia","category-politica","tag-alluvione-2014","tag-danni-alluvionali","post_cat_citta-albenga","post_tag_personaggi-anna-giacobbe","post_tag_personaggi-franco-vazio"],"amp_validity":null,"amp_enabled":true,"_links":{"self":[{"href":"https:\/\/staging.ivg.it\/ediapi\/wp\/v2\/posts\/404607","targetHints":{"allow":["GET"]}}],"collection":[{"href":"https:\/\/staging.ivg.it\/ediapi\/wp\/v2\/posts"}],"about":[{"href":"https:\/\/staging.ivg.it\/ediapi\/wp\/v2\/types\/post"}],"author":[{"embeddable":true,"href":"https:\/\/staging.ivg.it\/ediapi\/wp\/v2\/users\/4"}],"replies":[{"embeddable":true,"href":"https:\/\/staging.ivg.it\/ediapi\/wp\/v2\/comments?post=404607"}],"version-history":[{"count":0,"href":"https:\/\/staging.ivg.it\/ediapi\/wp\/v2\/posts\/404607\/revisions"}],"wp:attachment":[{"href":"https:\/\/staging.ivg.it\/ediapi\/wp\/v2\/media?parent=404607"}],"wp:term":[{"taxonomy":"category","embeddable":true,"href":"https:\/\/staging.ivg.it\/ediapi\/wp\/v2\/categories?post=404607"},{"taxonomy":"post_tag","embeddable":true,"href":"https:\/\/staging.ivg.it\/ediapi\/wp\/v2\/tags?post=404607"}],"curies":[{"name":"wp","href":"https:\/\/api.w.org\/{rel}","templated":true}]}}