{"id":404526,"date":"2017-03-02T17:26:29","date_gmt":"2017-03-02T16:26:29","guid":{"rendered":"http:\/\/www.ivg.it\/?p=404526"},"modified":"2017-03-02T17:48:46","modified_gmt":"2017-03-02T16:48:46","slug":"sanita-critiche-sindacati-m5s-alla-riforma-della-regione-svendita-ai-privati","status":"publish","type":"post","link":"https:\/\/staging.ivg.it\/2017\/03\/sanita-critiche-sindacati-m5s-alla-riforma-della-regione-svendita-ai-privati\/","title":{"rendered":"Sanit\u00e0, critiche da sindacati e M5S alla riforma della Regione: &#8220;Una svendita ai privati&#8221;"},"content":{"rendered":"<p><strong>Liguria.<\/strong> &#8220;La lettura della delibera di Alisa che avvia l&#8217;indagine conoscitiva sull&#8217;interesse dei privati alla gestione degli ospedali del Ponente ligure, genera in noi ulteriori perplessit\u00e0 sulla validit\u00e0 complessiva del progetto di riordino della sanit\u00e0 in Liguria&#8221;. Lo afferma in una nota la Cgil ligure che torna all&#8217;attacco sulla riforma sanitaria varata dalla Regione Liguria.<\/p>\n<p>&#8220;L&#8217;indagine, infatti, presenta agli operatori sul mercato l&#8217;attivit\u00e0 attuale degli ospedale di Cairo, Albenga e Bordighera, senza mai dire che cosa serva realmente alle persone di quei territori, quali budget saranno assegnati e neppure quali sono e saranno i costi di gestione degli stabilimenti&#8221;.<\/p>\n<p>&#8220;E&#8217; come se la Regione dicesse: noi vi indichiamo dove sono gli ospedali e che cosa c&#8217;\u00e8 dentro oggi. Fateci voi delle proposte su quello che siete in grado di fare, a prescindere dai bisogni dei cittadini, che noi poi valuteremo. Spiace notare la totale abdicazione di Alisa e Regione rispetto ai loro compiti di programmazione e di lettura delle necessit\u00e0 di salute dei cittadini&#8221;.<\/p>\n<p>&#8220;Peraltro, i dati delle tabelle allegate dimostrano il costante e generalizzato calo, negli ultimi anni, dei volumi delle prestazioni ospedaliere e la corrispettiva costante e generalizzata crescita dei volumi degli interventi ambulatoriali e della medicina del territorio&#8221;.<\/p>\n<p>&#8220;Finch\u00e9 siamo in tempo, ossia prima che vengano emessi i bandi, consigliamo alla Regione di fermarsi a riflettere e leggere i dati che abbiamo davanti, provando davvero a programmare il sistema sanitario sulla base dei reali bisogni, non lasciandolo in balia del mercato&#8221; conclude la Cgil ligure. <\/p>\n<p>E un altro affondo alla riforma sanitaria arriva dal M5S: &#8220;La grande svendita della sanit\u00e0 pubblica ligure ai privati lumbard ed emiliani \u00e8 partita. Senza ascoltare nessuno e in barba alle opinioni di cittadini e comitati, l&#8217;assessore Viale \u00e8 pronta a consegnare per 9 anni l&#8217;ABC della Sanit\u00e0 ligure (Albenga, Bordighera e Cairo) in mano alle aziende private, che si preparano a trasformare tre presidi sanitari chiave dell&#8217;imperiese e del savonese in un proprio asset a scopo di lucro&#8221; afferma il consigliere regionale Andrea Melis.<\/p>\n<p>&#8220;Il tutto senza aver ancora spiegato, nel dettaglio, quali tipi di prestazioni passerebbero ai privati e quali resteranno al pubblico, quali controlli e vincoli saranno messi in atto per tutelare il diritto all&#8217;accesso alla salute libero, gratuito ed efficiente per tutti i liguri?&#8221;.<\/p>\n<p>&#8220;Domande sin qui programmaticamente inevase da parte dell&#8217;assessore Viale e che sono al centro di un&#8217;interrogazione del MoVimento 5 Stelle che discuteremo a breve in Consiglio regionale. Non ci rassegniamo ad assistere allo smantellamento della sanit\u00e0 ligure&#8221; conclude Melis.<\/p>\n","protected":false},"excerpt":{"rendered":"<p>Liguria. &#8220;La lettura della delibera di Alisa che avvia l&#8217;indagine conoscitiva sull&#8217;interesse dei privati alla gestione degli ospedali del Ponente ligure, genera in noi ulteriori perplessit\u00e0 sulla validit\u00e0 complessiva del progetto di riordino della sanit\u00e0 in Liguria&#8221;. Lo afferma in una nota la Cgil ligure che torna all&#8217;attacco sulla riforma sanitaria varata dalla Regione Liguria. [&hellip;]<\/p>\n","protected":false},"author":4,"featured_media":0,"comment_status":"open","ping_status":"closed","sticky":false,"template":"","format":"standard","meta":{"footnotes":""},"categories":[56,35,31],"tags":[8875,44585,90077,111],"class_list":["post-404526","post","type-post","status-publish","format-standard","hentry","category-altre","category-economia","category-politica","tag-cgil-liguria","tag-m5s","tag-riforma-sanitaria","tag-sanita","post_cat_citta-albenga","post_cat_citta-cairo-montenotte","post_cat_citta-savona","post_tag_personaggi-andrea-melis"],"amp_validity":null,"amp_enabled":true,"_links":{"self":[{"href":"https:\/\/staging.ivg.it\/ediapi\/wp\/v2\/posts\/404526","targetHints":{"allow":["GET"]}}],"collection":[{"href":"https:\/\/staging.ivg.it\/ediapi\/wp\/v2\/posts"}],"about":[{"href":"https:\/\/staging.ivg.it\/ediapi\/wp\/v2\/types\/post"}],"author":[{"embeddable":true,"href":"https:\/\/staging.ivg.it\/ediapi\/wp\/v2\/users\/4"}],"replies":[{"embeddable":true,"href":"https:\/\/staging.ivg.it\/ediapi\/wp\/v2\/comments?post=404526"}],"version-history":[{"count":0,"href":"https:\/\/staging.ivg.it\/ediapi\/wp\/v2\/posts\/404526\/revisions"}],"wp:attachment":[{"href":"https:\/\/staging.ivg.it\/ediapi\/wp\/v2\/media?parent=404526"}],"wp:term":[{"taxonomy":"category","embeddable":true,"href":"https:\/\/staging.ivg.it\/ediapi\/wp\/v2\/categories?post=404526"},{"taxonomy":"post_tag","embeddable":true,"href":"https:\/\/staging.ivg.it\/ediapi\/wp\/v2\/tags?post=404526"}],"curies":[{"name":"wp","href":"https:\/\/api.w.org\/{rel}","templated":true}]}}