{"id":404018,"date":"2017-02-23T16:38:46","date_gmt":"2017-02-23T15:38:46","guid":{"rendered":"http:\/\/www.ivg.it\/?p=404018"},"modified":"2017-02-23T16:40:25","modified_gmt":"2017-02-23T15:40:25","slug":"loano-intitolati-sandro-pertini-giardini-alla-foce-del-nimbalto","status":"publish","type":"post","link":"https:\/\/staging.ivg.it\/2017\/02\/loano-intitolati-sandro-pertini-giardini-alla-foce-del-nimbalto\/","title":{"rendered":"Loano, intitolati a Sandro Pertini i giardini alla foce del Nimbalto"},"content":{"rendered":"<p><strong>Loano<\/strong>. Il Comune di Loano rende omaggio a Sandro Pertini. La giunta\u00a0comunale guidata dal\u00a0sindaco Luigi Pignocca ha deciso di accogliere le richieste della sezione loanese del Partito Socialista Italiano e della sezione Anpi \u201cRenato Boragine\u201d intitolando al \u201cPresidente pi\u00f9 amato\u201d il giardino posto alla foce del torrente Nimbalto.<\/p>\n<p>L&#8217;area che da settembre del 2014 ospita il monumento alla Resistenza disegnato dagli studenti dell&#8217;istituto \u201cGiovanni Falcone\u201d per commemorare i partigiani Renato Boragine, Guido D\u2019Alonzo, Agide Maccari, Adelio Panizza, Guglielmo Simi, Dario Volpe ed i civili della citt\u00e0 caduti tra il 1943 e il 1945 durante la guerra di Liberazione contro i nazifascisti sar\u00e0 dunque ribattezzata \u201cGiardini Sandro Pertini\u201d.<\/p>\n<p>La decisione dell&#8217;amministrazione comunale tiene conto dei valori trasmessi dalla figura dell&#8217;ex combattente per libert\u00e0 e poi presidente della Repubblica Pertini: \u201cSandro Pertini \u00e8 nato a Stella, in Provincia di Savona, il 25 settembre 1896. Appartengono alla storia italiana le tante vicende della sua vita, che lo hanno fatto conoscere in tutto il mondo quale strenuo e rigoroso difensore della libert\u00e0 e della pace. Pertini pag\u00f2 la netta opposizione alla dittatura fascista con aggressioni, esilio, processi e carcere duro. Fu presidente della Camera dal 1968 al 1976, presidente della Repubblica dal 1978 al 1985, ed \u00e8 risultato il capo dello stato pi\u00f9 amato dagli italiani e pi\u00f9 attento ai problemi dei giovani. La Regione Liguria ha recentemente stanziato i fondi necessari per la restaurazione della sua casa natale, che ospita il museo-biblioteca\u201d.<\/p>\n<p>Ma Pertini ha un legame anche con Loano: \u201cDurante la sua vita politica \u2013 ricordano da Palazzo Doria \u2013 ha dimostrato attaccamento anche alla citt\u00e0 di Loano: molti ricordano un suo veemente discorso tenuto in piazza Rocca nell&#8217;anno 1948 ed alcuni comizi politici sulla passeggiata a mare negli anni sessanta. Inoltre, a Loano contava molti amici. L&#8217;Anpi \u00e8 molto legata alla sua figura di partigiano combattente e di membro, insieme a Leo Valiani e Luigi Longo, del comitato insurrezionale del Comitato di Liberazione Nazionale Alta Italia che guid\u00f2 la liberazione dell&#8217;Italia del nord\u201d.<\/p>\n<div class=\"single-img-content-container fullwidth-single shortcode standard\">\n    <div class=\"image_container\" style=\"text-align: center;\">\n        <picture class=\" lazyload\"><img loading=\"lazy\" class=\"lazy\" data-srcset=\"https:\/\/www.ivg.it\/photogallery_new\/images\/2017\/02\/vari-385457.jpg 1024w, https:\/\/www.ivg.it\/photogallery_new\/images\/2017\/02\/vari-385457.jpg 970w, https:\/\/www.ivg.it\/photogallery_new\/images\/2017\/02\/vari-385457.jpg 660w, https:\/\/www.ivg.it\/photogallery_new\/images\/2017\/02\/vari-385457.jpg 316w, https:\/\/www.ivg.it\/photogallery_new\/images\/2017\/02\/vari-385457.jpg 150w\"  data-src=\"https:\/\/www.ivg.it\/photogallery_new\/images\/2017\/02\/vari-385457.jpg\" alt=\"Monumento Partigiani Loano\" \/><\/picture>\r\n\n    <\/div>\n    <\/div>\n\n<p>Ritenendo dunque le richieste di Psi e Anpi \u201cmeritevoli di accoglimento\u201d e \u201cin considerazione dell\u2019importanza che la figura di Sandro Pertini riveste sia a livello nazionale sia nell&#8217;ambito locale\u201d, la giunta ha deciso di chiamare \u201cGiardini Sandro Pertini\u201d l&#8217;area posta a levante di Lungomare Garrassini Garbarino, alla foce del torrente Nimbalto. Ora la pratica passer\u00e0 al vaglio del consiglio comunale.<\/p>\n","protected":false},"excerpt":{"rendered":"<p>L&#8217;area ospita il monumento alla Resistenza che commemora i partigiani e i civili loanesi morti durante la Liberazione<\/p>\n","protected":false},"author":12120,"featured_media":0,"comment_status":"open","ping_status":"closed","sticky":false,"template":"","format":"standard","meta":{"footnotes":""},"categories":[31],"tags":[2624,8746],"class_list":["post-404018","post","type-post","status-publish","format-standard","hentry","category-politica","tag-intitolazione","tag-liberazione","post_cat_citta-loano","post_tag_personaggi-luigi-pignocca","post_tag_personaggi-sandro-pertini"],"amp_validity":null,"amp_enabled":true,"_links":{"self":[{"href":"https:\/\/staging.ivg.it\/ediapi\/wp\/v2\/posts\/404018","targetHints":{"allow":["GET"]}}],"collection":[{"href":"https:\/\/staging.ivg.it\/ediapi\/wp\/v2\/posts"}],"about":[{"href":"https:\/\/staging.ivg.it\/ediapi\/wp\/v2\/types\/post"}],"author":[{"embeddable":true,"href":"https:\/\/staging.ivg.it\/ediapi\/wp\/v2\/users\/12120"}],"replies":[{"embeddable":true,"href":"https:\/\/staging.ivg.it\/ediapi\/wp\/v2\/comments?post=404018"}],"version-history":[{"count":0,"href":"https:\/\/staging.ivg.it\/ediapi\/wp\/v2\/posts\/404018\/revisions"}],"wp:attachment":[{"href":"https:\/\/staging.ivg.it\/ediapi\/wp\/v2\/media?parent=404018"}],"wp:term":[{"taxonomy":"category","embeddable":true,"href":"https:\/\/staging.ivg.it\/ediapi\/wp\/v2\/categories?post=404018"},{"taxonomy":"post_tag","embeddable":true,"href":"https:\/\/staging.ivg.it\/ediapi\/wp\/v2\/tags?post=404018"}],"curies":[{"name":"wp","href":"https:\/\/api.w.org\/{rel}","templated":true}]}}