{"id":403994,"date":"2017-02-23T12:31:51","date_gmt":"2017-02-23T11:31:51","guid":{"rendered":"http:\/\/www.ivg.it\/?p=403994"},"modified":"2017-02-23T12:54:29","modified_gmt":"2017-02-23T11:54:29","slug":"cairo-2017-m5s-punge-sindaco-briano-non-un-risiko-saremo-presenti-senza-nostra-lista","status":"publish","type":"post","link":"https:\/\/staging.ivg.it\/2017\/02\/cairo-2017-m5s-punge-sindaco-briano-non-un-risiko-saremo-presenti-senza-nostra-lista\/","title":{"rendered":"Cairo 2017, il M5S &#8220;punge&#8221; il sindaco Briano: &#8220;Non \u00e8 un risiko, saremo presenti con o senza una nostra lista&#8221;"},"content":{"rendered":"<p><strong>Cairo M.<\/strong> &#8220;Caro sindaco Briano, per noi la politica non \u00e8 un risiko. Il MoVimento 5 Stelle non \u00e8 nato per piazzare bandierine su questo o quel comune, ma per dare risposte ai cittadini che negli ultimi vent&#8217;anni si sono sentiti dimenticati dalla vecchia politica, traditi da logiche di partito e di spartizione del potere che nessuno capisce pi\u00f9&#8221;. Lo afferma il consigliere regionale del M5S Andrea Melis, che parla delle prossime elezioni comunali nel comune valbormidese.<\/p>\n<p>Melis non risparmia critiche al Pd, con diretto riferimento all&#8217;attuale primo cittadino: &#8220;La faida interna al Pd andata in scena negli ultimi giorni a Roma, e di riflesso a livello locale, \u00e8 l&#8217;emblema di un partito sempre pi\u00f9 attorcigliato su se stesso e sulle proprie infinite correnti interne, lontano anni luce dai problemi reali che toccano da vicino i territori&#8221;.<\/p>\n<p>&#8220;Come abbiamo sempre detto, la lista non \u00e8 un&#8217;ossessione per il MoVimento 5 Stelle. Se ci sono le condizioni per realizzarla in modo costruttivo per la citt\u00e0, ben venga. In caso contrario, nessuna forzatura. Il MoVimento 5 Stelle sul territorio di Cairo sar\u00e0 presente comunque, in altre forme, a sostenere come sempre le grandi battaglie che la comunit\u00e0 valbormidese si prepara ad affrontare, a cominciare dalla paventata privatizzazione dell&#8217;ospedale&#8221; sottolinea ancora l&#8217;esponente del Movimento 5 Stelle.<\/p>\n<p>&#8220;Al contrario del partito di Briano, non ci nascondiamo dietro liste o listine civetta, com&#8217;\u00e8 avvenuto anche alle amministrative di Savona. Evidentemente i Dem sono i primi a non fidarsi pi\u00f9 del proprio simbolo. Una paura legittima, ma cos\u00ec si getta fumo negli occhi dei cittadini!&#8221; conclude Melis.<\/p>\n","protected":false},"excerpt":{"rendered":"<p>Melis: &#8220;Non ci nasconderemo dietro a liste civette o pseudo liste civiche&#8230;&#8221;<\/p>\n","protected":false},"author":4,"featured_media":0,"comment_status":"open","ping_status":"closed","sticky":false,"template":"","format":"standard","meta":{"footnotes":""},"categories":[45296,31],"tags":[86872,32984,44585],"class_list":["post-403994","post","type-post","status-publish","format-standard","hentry","category-copertina","category-politica","tag-cairo-2017","tag-elezioni-cairo","tag-m5s","post_cat_citta-cairo-montenotte","post_tag_personaggi-andrea-melis"],"amp_validity":null,"amp_enabled":true,"_links":{"self":[{"href":"https:\/\/staging.ivg.it\/ediapi\/wp\/v2\/posts\/403994","targetHints":{"allow":["GET"]}}],"collection":[{"href":"https:\/\/staging.ivg.it\/ediapi\/wp\/v2\/posts"}],"about":[{"href":"https:\/\/staging.ivg.it\/ediapi\/wp\/v2\/types\/post"}],"author":[{"embeddable":true,"href":"https:\/\/staging.ivg.it\/ediapi\/wp\/v2\/users\/4"}],"replies":[{"embeddable":true,"href":"https:\/\/staging.ivg.it\/ediapi\/wp\/v2\/comments?post=403994"}],"version-history":[{"count":0,"href":"https:\/\/staging.ivg.it\/ediapi\/wp\/v2\/posts\/403994\/revisions"}],"wp:attachment":[{"href":"https:\/\/staging.ivg.it\/ediapi\/wp\/v2\/media?parent=403994"}],"wp:term":[{"taxonomy":"category","embeddable":true,"href":"https:\/\/staging.ivg.it\/ediapi\/wp\/v2\/categories?post=403994"},{"taxonomy":"post_tag","embeddable":true,"href":"https:\/\/staging.ivg.it\/ediapi\/wp\/v2\/tags?post=403994"}],"curies":[{"name":"wp","href":"https:\/\/api.w.org\/{rel}","templated":true}]}}