{"id":403424,"date":"2017-02-15T17:36:21","date_gmt":"2017-02-15T16:36:21","guid":{"rendered":"http:\/\/www.ivg.it\/?p=403424"},"modified":"2017-02-15T17:52:15","modified_gmt":"2017-02-15T16:52:15","slug":"profughi-finale-m5s-torna-allattacco-comune-non-ci-risposto-gestione-soldi-spesi","status":"publish","type":"post","link":"https:\/\/staging.ivg.it\/2017\/02\/profughi-finale-m5s-torna-allattacco-comune-non-ci-risposto-gestione-soldi-spesi\/","title":{"rendered":"Profughi a Finale, il M5S torna all&#8217;attacco: &#8220;Il Comune non ci ha risposto su gestione e soldi spesi&#8221;"},"content":{"rendered":"<p><strong>Finale L.<\/strong> &#8220;Ci rammarica il fatto di dover leggere sugli organi di stampa le parole del vice sindaco Brichetto che, oltre al fatto di non voler rispondere ad una nostra semplice domanda, antepone false affermazioni tipo l&#8217;aver &#8220;cavillato in modo pretestuoso e scorretto relativamente alla gestione dello SPRAR e delle sue attrezzature&#8230;&#8221; oppure buttarla sulla trasparenza, parlando di attacco al progetto S.P.R.A.R. da parte del MoVimento 5 Stelle quando questo non c&#8217;\u00e8 mai stato&#8221;. Cos\u00ec il Movimento 5 Stelle torna sulla querelle del centro di accoglienza per i profughi dopo i <a href=\"http:\/\/www.ivg.it\/2017\/02\/profughi-finale-sindaco-frascherelli-esempio-altri-comuni-le-polemiche-solo-strumentali\/\" target=\"_blank\">chiarimenti<\/a> arrivati dall&#8217;amministrazione comunale nel corso della conferenza stampa a &#8220;Casa Mandela&#8221;.<\/p>\n<p>&#8220;Rileviamo, in tutta questa storia un fatto alquanto divertente, se non paradossale, mentre altre forze politiche dell&#8217;opposizione propongono addirittura una &#8220;Commissione di controllo&#8221; ed il vice sindaco si trova subito disponibile, diversamente, ad una nostra semplice domanda, lecita, non ci risponde e veniamo definiti fascisti e leghisti&#8221;. <\/p>\n<p>&#8220;Il sindaco e il vice sindaco la finiscano dunque di buttare fumo negli occhi ai cittadini finalesi e sviare l&#8217;argomento, ma rispondano alla nostra domanda: perch\u00e9 abbiamo provveduto all&#8217;acquisto di arredi, attrezzature, biancheria e stoviglie usate dall&#8217;Istituto Figlie di N.S. Della Misericordia, su loro proposta, per complessivi \u20ac 4.500,00 oltre iva 22%, per un totale di \u20ac 5.490,00, quando gi\u00e0 affittiamo alla somma di 51.000,00 \u20ac per 17 mesi la struttura (pari a 3.000 \u20ac al mese) dichiarata idonea ad ospitare il progetto S.P.R.A.R.?&#8221; (dati: Determinazione n.1024 del 30\/12\/2016)&#8221; sottolinea ancora il M5S finalese.<\/p>\n<p>&#8220;Alla conferenza stampa non abbiamo potuto fare a meno di notare anche la presenza del Sindaco di Orco Feglino, che ha dichiarato: &#8220;&#8230;Il nostro comune \u00e8 partner istituzionale e condivide pienamente i principi dell&#8217;amministrazione di Finale&#8230;.&#8221; ed allora vorremmo capire quali sono questi principi che condivide, dato che in un primo momento il Comune di Orco Feglino aveva aderito al progetto S.P.R.A.R. in partenariato con la Fondazione l&#8217;Ancora di Varazze, mentre successivamente, purtroppo, dobbiamo registrare &#8220;una mancata prosecuzione&#8221; dello stesso Comune nell&#8217;impegno per la dislocazione di una sede per l&#8217;attivazione decentrata, di detto progetto, nel suo territorio, cos\u00ec come di evince dalla Deliberazione di Giunta Comunale n.237 del 17\/12\/2015 e Determinazione n.574 del 9\/8\/&#8217;16&#8230;&#8221;.<\/p>\n<p>Per il M5S: &#8220;Una condivisione di principi un po &#8220;a met\u00e0&#8221; o solo a parole! Con buona pace del principio di reciprocit\u00e0 e solidariet\u00e0 su cui si fonderebbe l&#8217;Unione dei Comuni del Finalese visto che comunque nelle disponibilit\u00e0 del Comune di Orco Feglino \u00e8 il palazzo delle ex scuole elementari&#8221;.<\/p>\n<p>&#8220;In attesa di risposte dall&#8217;amministrazione, senza polemica alcuna, informiamo di aver ricevuto un&#8217;offerta ad un incontro, da parte della Cooperativa Arcimedia, nella persona di Roberto De Cia. Un incontro chiarificatore, che speriamo metta fine, una volta per tutte, a questa polemica voluta sia dalla parte politica che regge l&#8217;Amministrazione sia dalla stessa e che si chiarisca, se ce ne fosse ancora di bisogno, la nostra non contrariet\u00e0 verso il progetto S.P.R.A.R. o verso a chi crede e lavora in questo progetto&#8221; conclude il M5S di Finale Ligure.<\/p>\n","protected":false},"excerpt":{"rendered":"<p>Finale L. &#8220;Ci rammarica il fatto di dover leggere sugli organi di stampa le parole del vice sindaco Brichetto che, oltre al fatto di non voler rispondere ad una nostra semplice domanda, antepone false affermazioni tipo l&#8217;aver &#8220;cavillato in modo pretestuoso e scorretto relativamente alla gestione dello SPRAR e delle sue attrezzature&#8230;&#8221; oppure buttarla sulla [&hellip;]<\/p>\n","protected":false},"author":4,"featured_media":0,"comment_status":"open","ping_status":"closed","sticky":false,"template":"","format":"standard","meta":{"footnotes":""},"categories":[31],"tags":[31945,44585,31028],"class_list":["post-403424","post","type-post","status-publish","format-standard","hentry","category-politica","tag-emergenza-profughi","tag-m5s","tag-profughi"],"amp_validity":null,"amp_enabled":true,"_links":{"self":[{"href":"https:\/\/staging.ivg.it\/ediapi\/wp\/v2\/posts\/403424","targetHints":{"allow":["GET"]}}],"collection":[{"href":"https:\/\/staging.ivg.it\/ediapi\/wp\/v2\/posts"}],"about":[{"href":"https:\/\/staging.ivg.it\/ediapi\/wp\/v2\/types\/post"}],"author":[{"embeddable":true,"href":"https:\/\/staging.ivg.it\/ediapi\/wp\/v2\/users\/4"}],"replies":[{"embeddable":true,"href":"https:\/\/staging.ivg.it\/ediapi\/wp\/v2\/comments?post=403424"}],"version-history":[{"count":0,"href":"https:\/\/staging.ivg.it\/ediapi\/wp\/v2\/posts\/403424\/revisions"}],"wp:attachment":[{"href":"https:\/\/staging.ivg.it\/ediapi\/wp\/v2\/media?parent=403424"}],"wp:term":[{"taxonomy":"category","embeddable":true,"href":"https:\/\/staging.ivg.it\/ediapi\/wp\/v2\/categories?post=403424"},{"taxonomy":"post_tag","embeddable":true,"href":"https:\/\/staging.ivg.it\/ediapi\/wp\/v2\/tags?post=403424"}],"curies":[{"name":"wp","href":"https:\/\/api.w.org\/{rel}","templated":true}]}}