{"id":403419,"date":"2017-02-15T16:44:33","date_gmt":"2017-02-15T15:44:33","guid":{"rendered":"http:\/\/www.ivg.it\/?p=403419"},"modified":"2017-02-15T17:12:43","modified_gmt":"2017-02-15T16:12:43","slug":"savona-chiusura-asilo-via-san-lorenzo-lo-sfogo-un-papa-un-danno-tanti-genitori","status":"publish","type":"post","link":"https:\/\/staging.ivg.it\/2017\/02\/savona-chiusura-asilo-via-san-lorenzo-lo-sfogo-un-papa-un-danno-tanti-genitori\/","title":{"rendered":"Savona, chiusura asilo di via San Lorenzo. Lo sfogo di un pap\u00e0: &#8220;Un danno per tanti genitori&#8221;"},"content":{"rendered":"<p><strong>Savona.<\/strong> A tanti mamme e pap\u00e0, a tanti genitori la chiusura dell&#8217;asilo &#8220;La Giostra&#8221; di via San Lorenzo non \u00e8 andata gi\u00f9 per nulla e non mancano le critiche e le preoccupazioni rivolte all&#8217;amministrazione comunale. Alla nostra redazione \u00e8 arrivato lo sfogo di un genitore, del pap\u00e0 di una bimba che frequenta l&#8217;asilo nido.<\/p>\n<p>&#8220;&#8221;Sono passati appena alcuni giorni dalla comunicazione ufficiale del sindaco alle famiglie della chiusura dell&#8217;asilo nido La Giostra di via San lorenzo e gi\u00e0 viene considerato un capitolo chiuso, come se chiudere una struttura del genere fosse solo un problema di coloro che hanno i figli che lo frequentano, in realt\u00e0 \u00e8 un problema per l&#8217;intera citt\u00e0, infatti sistemati i bimbi in altri asili nido, non restano pi\u00f9 posti o pochissimi per le nuove iscrizioni, a meno che i nostri amministratori non pensino che la modifica delle fasce ISEE e gli aumenti delle rette siano da soli un deterrente per le nuove iscrizioni e in questo modo le liste di attesa vadano a morire&#8221;.<\/p>\n<p>&#8220;Forte \u00e8 ancora la rabbia e soprattutto la preoccupazione per la chiusura dell&#8217;asilo nido La Giostra di via S.Lorenzo delle mamme, dei pap\u00e0, di tutta la famiglia e di tutti coloro che hanno a cuore, non a parole ma con i fatti, il sostegno alle famiglie con figli che sono il nostro futuro&#8221; aggiunge ancora il pap\u00e0 savonese. <\/p>\n<p>&#8220;E&#8217; poi evidente che ancora una volta si sono sbagliati i tempi della comunicazione cos\u00ec come \u00e8 avvenuto per l&#8217;aumento delle rette in corso d&#8217;anno. La notizia \u00e8 arrivata infatti quando ormai si erano chiuse da pochi giorni (il 6 febbraio) le iscrizioni alle Scuole Statali dell&#8217;Infanzia (pi\u00f9 note come materne) e alle scuole Statali Primarie (pi\u00f9 note come elementari) frequentate per la maggior parte dei casi dai fratelli e sorelle dei bimbi iscritti al nido, quindi \u00e8 ormai impossibile tentare almeno di riavvicinarli per cercare di diminuire i disagi dei genitori&#8221;.<\/p>\n<p>&#8220;Ad esempio, nel mio caso, avrei potuto iscrivere il fratellino pi\u00f9 grande alla materna vicino al nido dove presumibilmente andr\u00e0 la sorellina piccola, consentendomi di usare il treno per andare a lavorare. Non si pu\u00f2 pensare che chi ha condotto questa operazione non lo sapesse perch\u00e9 \u00e8 il Comune stesso che comunica alle famiglie, mediante affissione dei manifesti, le date delle iscrizioni stabilite dal Ministero dell&#8217;Istruzione ed allora quale spiegazione resta se non l&#8217;indifferenza per i problemi delle famiglie con figli, la cui tutela invece \u00e8 stata tanto sbandierata in campagna elettorale?&#8221; conclude il pap\u00e0 savonese nel suo sfogo.<\/p>\n","protected":false},"excerpt":{"rendered":"<p>Resta alta la preoccupazione dopo la decisione del Comune di chiudere la struttura &#8220;La Giostra&#8221;<\/p>\n","protected":false},"author":4,"featured_media":0,"comment_status":"open","ping_status":"closed","sticky":false,"template":"","format":"standard","meta":{"footnotes":""},"categories":[45296,56,35,31],"tags":[91990],"class_list":["post-403419","post","type-post","status-publish","format-standard","hentry","category-copertina","category-altre","category-economia","category-politica","tag-chiusura-asilo-savona","post_cat_citta-savona","post_tag_personaggi-ilaria-caprioglio"],"amp_validity":null,"amp_enabled":true,"_links":{"self":[{"href":"https:\/\/staging.ivg.it\/ediapi\/wp\/v2\/posts\/403419","targetHints":{"allow":["GET"]}}],"collection":[{"href":"https:\/\/staging.ivg.it\/ediapi\/wp\/v2\/posts"}],"about":[{"href":"https:\/\/staging.ivg.it\/ediapi\/wp\/v2\/types\/post"}],"author":[{"embeddable":true,"href":"https:\/\/staging.ivg.it\/ediapi\/wp\/v2\/users\/4"}],"replies":[{"embeddable":true,"href":"https:\/\/staging.ivg.it\/ediapi\/wp\/v2\/comments?post=403419"}],"version-history":[{"count":0,"href":"https:\/\/staging.ivg.it\/ediapi\/wp\/v2\/posts\/403419\/revisions"}],"wp:attachment":[{"href":"https:\/\/staging.ivg.it\/ediapi\/wp\/v2\/media?parent=403419"}],"wp:term":[{"taxonomy":"category","embeddable":true,"href":"https:\/\/staging.ivg.it\/ediapi\/wp\/v2\/categories?post=403419"},{"taxonomy":"post_tag","embeddable":true,"href":"https:\/\/staging.ivg.it\/ediapi\/wp\/v2\/tags?post=403419"}],"curies":[{"name":"wp","href":"https:\/\/api.w.org\/{rel}","templated":true}]}}