{"id":403336,"date":"2017-02-14T16:49:01","date_gmt":"2017-02-14T15:49:01","guid":{"rendered":"http:\/\/www.ivg.it\/?p=403336"},"modified":"2017-02-14T16:54:54","modified_gmt":"2017-02-14T15:54:54","slug":"privatizzazione-ospedali-paita-de-vincenzi-pd-lotta-comune-salvare-la-nostra-sanita","status":"publish","type":"post","link":"https:\/\/staging.ivg.it\/2017\/02\/privatizzazione-ospedali-paita-de-vincenzi-pd-lotta-comune-salvare-la-nostra-sanita\/","title":{"rendered":"Privatizzazione ospedali, Paita e De Vincenzi (Pd): &#8220;Lotta comune per salvare la nostra sanit\u00e0&#8221;"},"content":{"rendered":"<p><strong>Albenga.<\/strong> &#8220;Anche Forza Italia \u00e8 contro la politica di privatizzazione ospedaliera dell\u2019assessore Viale. Finalmente anche nel centrodestra c\u2019\u00e8 stato un sussulto di orgoglio e il Gruppo di FI in Consiglio comunale ad Albenga ha promosso una raccolta firme contro il progetto della Giunta Toti di consegnare ai privati una fetta della sanit\u00e0 ligure (nello specifico il Santa Maria di Misericordia)&#8221;. Lo affermano i consiglieri regionali del Pd Raffaella Paita e Luigi De Vincenzi, che tornano all&#8217;attacco sulla delibera per la privatizzazione della rete ospedaliera.<\/p>\n<p>&#8220;Certo, il centrosinistra non si concentra solo su una semplice \u201clotta di quartiere\u201d per salvare il presidio sanitario sotto casa: la nostra \u00e8 una battaglia pi\u00f9 ampia, per una visione globale della sanit\u00e0 ligure, efficiente e pubblica e che non lasci indietro nessuno. Ma la levata di scudi del centrodestra contro il proprio assessore dimostra che la Giunta Toti non solo non dialoga con l\u2019opposizione, ma nemmeno con la propria maggioranza&#8221;. <\/p>\n<p>&#8220;E cos\u00ec, al di l\u00e0 delle differenze politiche e in nome di un obiettivo comune, lanciamo una sfida a Forza Italia: lottate insieme a noi contro la svendita della sanit\u00e0 ligure messa in atto dall&#8217;assessore Viale. <\/p>\n","protected":false},"excerpt":{"rendered":"<p>Albenga. &#8220;Anche Forza Italia \u00e8 contro la politica di privatizzazione ospedaliera dell\u2019assessore Viale. Finalmente anche nel centrodestra c\u2019\u00e8 stato un sussulto di orgoglio e il Gruppo di FI in Consiglio comunale ad Albenga ha promosso una raccolta firme contro il progetto della Giunta Toti di consegnare ai privati una fetta della sanit\u00e0 ligure (nello specifico [&hellip;]<\/p>\n","protected":false},"author":4,"featured_media":0,"comment_status":"open","ping_status":"closed","sticky":false,"template":"","format":"standard","meta":{"footnotes":""},"categories":[56,31],"tags":[89022,92092,111],"class_list":["post-403336","post","type-post","status-publish","format-standard","hentry","category-altre","category-politica","tag-gruppo-pd-regione","tag-privatizzazione-ospedali","tag-sanita","post_tag_personaggi-luigi-de-vincenzi","post_tag_personaggi-raffaella-paita"],"amp_validity":null,"amp_enabled":true,"_links":{"self":[{"href":"https:\/\/staging.ivg.it\/ediapi\/wp\/v2\/posts\/403336","targetHints":{"allow":["GET"]}}],"collection":[{"href":"https:\/\/staging.ivg.it\/ediapi\/wp\/v2\/posts"}],"about":[{"href":"https:\/\/staging.ivg.it\/ediapi\/wp\/v2\/types\/post"}],"author":[{"embeddable":true,"href":"https:\/\/staging.ivg.it\/ediapi\/wp\/v2\/users\/4"}],"replies":[{"embeddable":true,"href":"https:\/\/staging.ivg.it\/ediapi\/wp\/v2\/comments?post=403336"}],"version-history":[{"count":0,"href":"https:\/\/staging.ivg.it\/ediapi\/wp\/v2\/posts\/403336\/revisions"}],"wp:attachment":[{"href":"https:\/\/staging.ivg.it\/ediapi\/wp\/v2\/media?parent=403336"}],"wp:term":[{"taxonomy":"category","embeddable":true,"href":"https:\/\/staging.ivg.it\/ediapi\/wp\/v2\/categories?post=403336"},{"taxonomy":"post_tag","embeddable":true,"href":"https:\/\/staging.ivg.it\/ediapi\/wp\/v2\/tags?post=403336"}],"curies":[{"name":"wp","href":"https:\/\/api.w.org\/{rel}","templated":true}]}}