{"id":40327,"date":"2008-11-11T07:50:36","date_gmt":"2008-11-11T06:50:36","guid":{"rendered":"http:\/\/www.ivg.it\/2008\/11\/10\/savona-domani-lassemblea-dellunione-industriali\/"},"modified":"2008-11-11T12:46:48","modified_gmt":"2008-11-11T11:46:48","slug":"savona-domani-lassemblea-dellunione-industriali","status":"publish","type":"post","link":"https:\/\/staging.ivg.it\/2008\/11\/savona-domani-lassemblea-dellunione-industriali\/","title":{"rendered":"Savona, oggi l&#8217;assemblea dell&#8217;Unione Industriali"},"content":{"rendered":"<p><strong>[thumb:3670:l]Savona.<\/strong> Si terr\u00e0 oggi, marted\u00ec 11 novembre, presso il Campus universitario di via Cadorna, l&#8217;assemblea annuale dell&#8217;Unione Industrali savonese. Alle ore 10 avr\u00e0 inizio la parte privata riservata agli associati, mentre la parte pubblica prender\u00e0 avvio alle ore 11 con la presentazione della ricerca &#8220;La percezione del sapere scientifico e dell&#8217;industria in provincia di Savona&#8221;.<\/p>\n<p>Aprir\u00e0 l&#8217;assemblea la relazione introduttiva del presidente Marco Macci\u00f2, con al centro lo status dell&#8217;economia provinciale e le sue prospettive di sviluppo. In seguito interverranno Mauro Palumbo, ordinario di sociologia della facolt\u00e0 dell&#8217;Universit\u00e0 di Genova, Pino Boero, preside della facolt\u00e0 di scienze della formazione, Evardo Minardi, della Facolt\u00e0 di Scienza politiche di Teramo, Alessando Schiesaro, presidente del Campus. Coordiner\u00e0 Mario Paternostro, direttore di Primocanale.<\/p>\n<p>L&#8217;evento sar\u00e0 trasmesso in diretta dall&#8217;emittente televisiva Primocanale e sul sito dell&#8217;Unione industriali savonese www.uisv.it.<\/p>\n","protected":false},"excerpt":{"rendered":"<p>[thumb:3670:l]Savona. Si terr\u00e0 oggi, marted\u00ec 11 novembre, presso il Campus universitario di via Cadorna, l&#8217;assemblea annuale dell&#8217;Unione Industrali savonese. Alle ore 10 avr\u00e0 inizio la parte privata riservata agli associati, mentre la parte pubblica prender\u00e0 avvio alle ore 11 con la presentazione della ricerca &#8220;La percezione del sapere scientifico e dell&#8217;industria in provincia di Savona&#8221;. [&hellip;]<\/p>\n","protected":false},"author":4,"featured_media":0,"comment_status":"open","ping_status":"closed","sticky":false,"template":"","format":"standard","meta":{"footnotes":""},"categories":[35],"tags":[1828,85837,3723,86052],"class_list":["post-40327","post","type-post","status-publish","format-standard","hentry","category-economia","tag-campus","tag-economia","tag-primocanale","tag-unione-industriali","post_cat_citta-andora","post_cat_citta-savona"],"amp_validity":null,"amp_enabled":true,"_links":{"self":[{"href":"https:\/\/staging.ivg.it\/ediapi\/wp\/v2\/posts\/40327","targetHints":{"allow":["GET"]}}],"collection":[{"href":"https:\/\/staging.ivg.it\/ediapi\/wp\/v2\/posts"}],"about":[{"href":"https:\/\/staging.ivg.it\/ediapi\/wp\/v2\/types\/post"}],"author":[{"embeddable":true,"href":"https:\/\/staging.ivg.it\/ediapi\/wp\/v2\/users\/4"}],"replies":[{"embeddable":true,"href":"https:\/\/staging.ivg.it\/ediapi\/wp\/v2\/comments?post=40327"}],"version-history":[{"count":0,"href":"https:\/\/staging.ivg.it\/ediapi\/wp\/v2\/posts\/40327\/revisions"}],"wp:attachment":[{"href":"https:\/\/staging.ivg.it\/ediapi\/wp\/v2\/media?parent=40327"}],"wp:term":[{"taxonomy":"category","embeddable":true,"href":"https:\/\/staging.ivg.it\/ediapi\/wp\/v2\/categories?post=40327"},{"taxonomy":"post_tag","embeddable":true,"href":"https:\/\/staging.ivg.it\/ediapi\/wp\/v2\/tags?post=40327"}],"curies":[{"name":"wp","href":"https:\/\/api.w.org\/{rel}","templated":true}]}}