{"id":403182,"date":"2017-02-13T12:56:49","date_gmt":"2017-02-13T11:56:49","guid":{"rendered":"http:\/\/www.ivg.it\/?p=403182"},"modified":"2017-02-13T17:43:30","modified_gmt":"2017-02-13T16:43:30","slug":"profughi-finale-sindaco-frascherelli-esempio-altri-comuni-le-polemiche-solo-strumentali","status":"publish","type":"post","link":"https:\/\/staging.ivg.it\/2017\/02\/profughi-finale-sindaco-frascherelli-esempio-altri-comuni-le-polemiche-solo-strumentali\/","title":{"rendered":"Profughi a Finale, il sindaco Frascherelli: &#8220;Siamo esempio per altri comuni, le polemiche sono solo strumentali&#8221;"},"content":{"rendered":"<p><strong>Finale Ligure.<\/strong> &#8220;Siamo uno dei tre comuni savonesi che ha vinto un bando europeo con la possibilit\u00e0 di sviluppare sul proprio territorio un progetto SPRAR, con soldi non certo dei contribuenti finalesi. In quanto modo, a differenza di altri, siamo riusciti a scegliere il percorso di accoglienza sui migranti e l&#8217;emergenza profughi, senza doverla subire dall&#8217;alto&#8221;. Queste le parole del sindaco di Finale Ligure Ugo Frascherelli nel corso della conferenza stampa che si \u00e8 svolto presso il centro di accoglienza &#8220;Casa Mandela&#8221; per sgomberare il campo da ulteriori polemiche o strumentalizzazioni politiche sulla vicenda dei profughi a Finale Ligure.<\/p>\n<p>&#8220;I numeri di Casa Mandela e le iniziative di integrazione e lavoro dedicate ai migranti dimostrano la bont\u00e0 del progetto e l&#8217;importanza di aver gestito al meglio una emergenza &#8211; sottolinea ancora il sindaco -. I finalesi vengono prima, certo, ma questa \u00e8 una cosa diversa e non capirlo significa che qualcuno vuole a tutti i costi una bagarre che non dovrebbe neppure esistere&#8221;. <\/p>\n<p>Al primo cittadino finalese la strumentalizzazione della vicenda dei profughi proprio non \u00e8 andata gi\u00f9 e sottolinea: &#8220;Credo che la citt\u00e0 debba andare fiera di questo progetto e di come l&#8217;amministrazione comunale ha affrontato la situazione dei migranti e il fenomeno dell&#8217;immigrazione&#8221;.<\/p>\n<p>Quanto alla commissione consiliare richiesta da &#8220;Finale Ligure Viva&#8221;, ex gruppo di maggioranza e ora all&#8217;opposizione dell&#8217;amministrazione comunale: &#8220;Ho preso atto della richiesta, per noi nessun problema, anche se credo che abbiamo fornito tutti i chiarimenti e le spiegazioni, compreso l&#8217;arrivo e l&#8217;utilizzo delle risorse impiegate nel progetto e per rendere accogliente la struttura di &#8220;Casa Mandela&#8221; conclude Frascherelli. <div class=\"single-img-content-container fullwidth-single shortcode standard\">\n    <div class=\"image_container\" style=\"text-align: center;\">\n        <picture class=\" lazyload\"><img loading=\"lazy\" class=\"lazy\" data-srcset=\"https:\/\/www.ivg.it\/photogallery_new\/images\/2017\/02\/finale-sprar-383261.jpg 1024w, https:\/\/www.ivg.it\/photogallery_new\/images\/2017\/02\/finale-sprar-383261.jpg 970w, https:\/\/www.ivg.it\/photogallery_new\/images\/2017\/02\/finale-sprar-383261.jpg 660w, https:\/\/www.ivg.it\/photogallery_new\/images\/2017\/02\/finale-sprar-383261.jpg 316w, https:\/\/www.ivg.it\/photogallery_new\/images\/2017\/02\/finale-sprar-383261.jpg 150w\"  data-src=\"https:\/\/www.ivg.it\/photogallery_new\/images\/2017\/02\/finale-sprar-383261.jpg\" alt=\"finale sprar\" \/><\/picture>\r\n\n    <\/div>\n    <\/div>\n<\/p>\n<p>Per Giovanni Durante, presidente di Arcimedia, che gestisce la casa di accoglienza finalese, e membro della direzione di Arci Provinciale Savona: &#8220;Mi pare che quello che stiamo facendo a Finale possa essere da esempio in termini di accoglienza e integrazione per i migranti e non capisco le polemiche sollevate su questa struttura. Abbiamo sviluppato progetti e iniziative con le quali i profughi si rendono utili alla cittadina finalese e non c&#8217;\u00e8 stato mai alcun problema&#8221;.<\/p>\n<p>E tra i profughi c&#8217;\u00e8 spirito di ringraziamento e voglia di aiutare la comunit\u00e0 finalese che li sta ospitando: &#8220;Penso che noi abbiamo bisogno di Finale come Finale abbia bisogno di noi&#8230;Scappiamo da situazioni di vita molto difficili e qui possiamo trovare una nuova speranza di vita, imparando l&#8217;italiano, integrandoci e lavorando&#8221;.<\/p>\n","protected":false},"excerpt":{"rendered":"<p>Finale Ligure. &#8220;Siamo uno dei tre comuni savonesi che ha vinto un bando europeo con la possibilit\u00e0 di sviluppare sul proprio territorio un progetto SPRAR, con soldi non certo dei contribuenti finalesi. In quanto modo, a differenza di altri, siamo riusciti a scegliere il percorso di accoglienza sui migranti e l&#8217;emergenza profughi, senza doverla subire [&hellip;]<\/p>\n","protected":false},"author":4,"featured_media":0,"comment_status":"open","ping_status":"closed","sticky":false,"template":"","format":"standard","meta":{"footnotes":""},"categories":[45296,31],"tags":[31945,31028],"class_list":["post-403182","post","type-post","status-publish","format-standard","hentry","category-copertina","category-politica","tag-emergenza-profughi","tag-profughi","post_cat_citta-finale-ligure","post_tag_personaggi-ugo-frascherelli"],"amp_validity":null,"amp_enabled":true,"_links":{"self":[{"href":"https:\/\/staging.ivg.it\/ediapi\/wp\/v2\/posts\/403182","targetHints":{"allow":["GET"]}}],"collection":[{"href":"https:\/\/staging.ivg.it\/ediapi\/wp\/v2\/posts"}],"about":[{"href":"https:\/\/staging.ivg.it\/ediapi\/wp\/v2\/types\/post"}],"author":[{"embeddable":true,"href":"https:\/\/staging.ivg.it\/ediapi\/wp\/v2\/users\/4"}],"replies":[{"embeddable":true,"href":"https:\/\/staging.ivg.it\/ediapi\/wp\/v2\/comments?post=403182"}],"version-history":[{"count":0,"href":"https:\/\/staging.ivg.it\/ediapi\/wp\/v2\/posts\/403182\/revisions"}],"wp:attachment":[{"href":"https:\/\/staging.ivg.it\/ediapi\/wp\/v2\/media?parent=403182"}],"wp:term":[{"taxonomy":"category","embeddable":true,"href":"https:\/\/staging.ivg.it\/ediapi\/wp\/v2\/categories?post=403182"},{"taxonomy":"post_tag","embeddable":true,"href":"https:\/\/staging.ivg.it\/ediapi\/wp\/v2\/tags?post=403182"}],"curies":[{"name":"wp","href":"https:\/\/api.w.org\/{rel}","templated":true}]}}