{"id":402677,"date":"2017-02-07T12:47:46","date_gmt":"2017-02-07T11:47:46","guid":{"rendered":"http:\/\/www.ivg.it\/?p=402677"},"modified":"2017-02-07T12:56:10","modified_gmt":"2017-02-07T11:56:10","slug":"festival-albenga-dreams-le-date-delledizione-2017","status":"publish","type":"post","link":"https:\/\/staging.ivg.it\/2017\/02\/festival-albenga-dreams-le-date-delledizione-2017\/","title":{"rendered":"Il festival &#8220;Albenga Dreams&#8221;: ecco le date dell&#8217;edizione 2017"},"content":{"rendered":"<p><strong>Albenga.<\/strong> La terza edizione di &#8220;Albenga Dreams&#8221;, festival dedicato al fumetto, al gioco, e all&#8217;intrattenimento di genere fantasy e fantascientifico, si terr\u00e0 nei giorni 4-5-6 agosto 2017, con il patrocinio del Comune di Albenga.<\/p>\n<p>Dopo il grande successo dell&#8217;edizione 2016 &#8211; tre giornate con pi\u00f9 di 5.000 presenze equamente distribuite tra turisti, visitatori dalle citt\u00e0 vicine, e residenti &#8211; Associazione Culturale Governo Ombra confida di poter offrire una terza edizione ancora pi\u00f9 grande, mantenendo la formula ormai consolidata di un festival che propone musica e spettacoli dal vivo, gare di cosplay, mercatino, stand alimentari, ospiti dal mondo del fumetto e dell&#8217;intrattenimento, e che popoler\u00e0 il Centro Storico di Albenga di maschere e meraviglie.<\/p>\n<p>Per conoscere quali saranno gli ospiti della manifestazione, e gli appuntamenti che ci accompagneranno verso l&#8217;evento di agosto, vi invitiamo a seguire la pagina FB Albengadreams e il sito internet albengadreams.it, canali attraverso i quali saranno pubblicati i vari aggiornamenti.<\/p>\n","protected":false},"excerpt":{"rendered":"<p>Albenga. La terza edizione di &#8220;Albenga Dreams&#8221;, festival dedicato al fumetto, al gioco, e all&#8217;intrattenimento di genere fantasy e fantascientifico, si terr\u00e0 nei giorni 4-5-6 agosto 2017, con il patrocinio del Comune di Albenga. Dopo il grande successo dell&#8217;edizione 2016 &#8211; tre giornate con pi\u00f9 di 5.000 presenze equamente distribuite tra turisti, visitatori dalle citt\u00e0 [&hellip;]<\/p>\n","protected":false},"author":4,"featured_media":0,"comment_status":"open","ping_status":"closed","sticky":false,"template":"","format":"standard","meta":{"footnotes":""},"categories":[56],"tags":[74876],"class_list":["post-402677","post","type-post","status-publish","format-standard","hentry","category-altre","tag-albenga-dreams","post_cat_citta-albenga"],"amp_validity":null,"amp_enabled":true,"_links":{"self":[{"href":"https:\/\/staging.ivg.it\/ediapi\/wp\/v2\/posts\/402677","targetHints":{"allow":["GET"]}}],"collection":[{"href":"https:\/\/staging.ivg.it\/ediapi\/wp\/v2\/posts"}],"about":[{"href":"https:\/\/staging.ivg.it\/ediapi\/wp\/v2\/types\/post"}],"author":[{"embeddable":true,"href":"https:\/\/staging.ivg.it\/ediapi\/wp\/v2\/users\/4"}],"replies":[{"embeddable":true,"href":"https:\/\/staging.ivg.it\/ediapi\/wp\/v2\/comments?post=402677"}],"version-history":[{"count":0,"href":"https:\/\/staging.ivg.it\/ediapi\/wp\/v2\/posts\/402677\/revisions"}],"wp:attachment":[{"href":"https:\/\/staging.ivg.it\/ediapi\/wp\/v2\/media?parent=402677"}],"wp:term":[{"taxonomy":"category","embeddable":true,"href":"https:\/\/staging.ivg.it\/ediapi\/wp\/v2\/categories?post=402677"},{"taxonomy":"post_tag","embeddable":true,"href":"https:\/\/staging.ivg.it\/ediapi\/wp\/v2\/tags?post=402677"}],"curies":[{"name":"wp","href":"https:\/\/api.w.org\/{rel}","templated":true}]}}