{"id":402464,"date":"2017-02-03T14:11:54","date_gmt":"2017-02-03T13:11:54","guid":{"rendered":"http:\/\/www.ivg.it\/?p=402464"},"modified":"2017-02-03T14:18:10","modified_gmt":"2017-02-03T13:18:10","slug":"ospedale-san-paolo-savona-troppi-tagli-servizi-rischio-la-politica-deve-farsi-sentire","status":"publish","type":"post","link":"https:\/\/staging.ivg.it\/2017\/02\/ospedale-san-paolo-savona-troppi-tagli-servizi-rischio-la-politica-deve-farsi-sentire\/","title":{"rendered":"Ospedale San Paolo, &#8220;Noi per Savona&#8221;: &#8220;Troppi tagli e servizi a rischio, la politica deve farsi sentire&#8221;"},"content":{"rendered":"<p><strong>Savona.<\/strong> &#8220;Le molte notizie e i ripetuti annunci sul futuro del sistema sanitario ligure inducono ad una riflessione sulle possibilit\u00e0 e sui rischi che le scelte della politica regionale lasciano intravedere. Come cittadini savonesi viviamo direttamente il progressivo impoverimento e svuotamento della principale istituzione sanitaria locale, l&#8217;ospedale San Paolo, di cui sono evidenti le perdite in termini di servizi e attrezzature, a tutto danno non solo della citt\u00e0, ma dell&#8217;intero comprensorio&#8221;. Cos\u00ec il gruppo &#8220;Noi per Savona&#8221; interviene sul tema della sanit\u00e0 dopo la delibera regionale sulla riorganizzazione ospedaliera e dei servizi.<\/p>\n<p>&#8220;I cittadini savonesi rischiano sempre di pi\u00f9 di non ricevere le stesse prestazioni che vengono e saranno erogate e garantite dalle altre strutture ospedaliere della regione&#8221;.<\/p>\n<p>&#8220;Pensiamo per esempio al centro ictus che a Savona non esiste. Savona sarebbe l&#8217;unico centro in Liguria a non averlo. Le assicurazioni dell&#8217;assessore regionale Sonia Viale in merito non corrispondono purtroppo alla realt\u00e0. Sollecitiamo tutte le forze politiche e culturali a rompere l&#8217;assordante silenzio sull&#8217;argomento e a intervenire per contrastare il degrado. Noi sosteniamo la necessit\u00e0 di un servizio sanitario pubblico efficiente e di alta qualit\u00e0, capace di rispondere a tutte le esigenze e i bisogni dei cittadini. La decisione della Regione di cedere una quota non trascurabile della sanit\u00e0 a privati  per noi non dovr\u00e0 mai coincidere con lo smantellamento di parti significative del sistema pubblico&#8221; aggiunge &#8220;Noi per Savona&#8221;.<\/p>\n<p>&#8220;Il gruppo Noi per Savona intende seguire con grande attenzione lo sviluppo di questi temi, impegnandosi a sostenerne la discussione pubblica in ogni poossibile occasione che consenta ai cittadini di sapere e decidere. Privatizzazione non significa necessariamente risparmio, e nemmeno eccellenza. Spesso la gestione privata di servizi pubblici, strade, ospedali o altro, non riesce ad offrire il miglior servizio, ma si limita a cercare e garantire il profitto&#8221; conclude il gruppo savonese.<\/p>\n","protected":false},"excerpt":{"rendered":"<p>Savona. &#8220;Le molte notizie e i ripetuti annunci sul futuro del sistema sanitario ligure inducono ad una riflessione sulle possibilit\u00e0 e sui rischi che le scelte della politica regionale lasciano intravedere. Come cittadini savonesi viviamo direttamente il progressivo impoverimento e svuotamento della principale istituzione sanitaria locale, l&#8217;ospedale San Paolo, di cui sono evidenti le perdite [&hellip;]<\/p>\n","protected":false},"author":4,"featured_media":0,"comment_status":"open","ping_status":"closed","sticky":false,"template":"","format":"standard","meta":{"footnotes":""},"categories":[56,31],"tags":[10226,230,66176],"class_list":["post-402464","post","type-post","status-publish","format-standard","hentry","category-altre","category-politica","tag-noi-per-savona","tag-ospedale-san-paolo","tag-ospedale-san-paolo-savona","post_cat_citta-savona"],"amp_validity":null,"amp_enabled":true,"_links":{"self":[{"href":"https:\/\/staging.ivg.it\/ediapi\/wp\/v2\/posts\/402464","targetHints":{"allow":["GET"]}}],"collection":[{"href":"https:\/\/staging.ivg.it\/ediapi\/wp\/v2\/posts"}],"about":[{"href":"https:\/\/staging.ivg.it\/ediapi\/wp\/v2\/types\/post"}],"author":[{"embeddable":true,"href":"https:\/\/staging.ivg.it\/ediapi\/wp\/v2\/users\/4"}],"replies":[{"embeddable":true,"href":"https:\/\/staging.ivg.it\/ediapi\/wp\/v2\/comments?post=402464"}],"version-history":[{"count":0,"href":"https:\/\/staging.ivg.it\/ediapi\/wp\/v2\/posts\/402464\/revisions"}],"wp:attachment":[{"href":"https:\/\/staging.ivg.it\/ediapi\/wp\/v2\/media?parent=402464"}],"wp:term":[{"taxonomy":"category","embeddable":true,"href":"https:\/\/staging.ivg.it\/ediapi\/wp\/v2\/categories?post=402464"},{"taxonomy":"post_tag","embeddable":true,"href":"https:\/\/staging.ivg.it\/ediapi\/wp\/v2\/tags?post=402464"}],"curies":[{"name":"wp","href":"https:\/\/api.w.org\/{rel}","templated":true}]}}