{"id":402414,"date":"2017-02-02T19:10:56","date_gmt":"2017-02-02T18:10:56","guid":{"rendered":"http:\/\/www.ivg.it\/?p=402414"},"modified":"2017-02-02T19:11:38","modified_gmt":"2017-02-02T18:11:38","slug":"spiaggia-cani-savona-ripamonti-iter-iniziato-attendiamo-lok-dellautorita-portuale","status":"publish","type":"post","link":"https:\/\/staging.ivg.it\/2017\/02\/spiaggia-cani-savona-ripamonti-iter-iniziato-attendiamo-lok-dellautorita-portuale\/","title":{"rendered":"Spiaggia per cani a Savona, Ripamonti: &#8220;Iter iniziato, attendiamo l&#8217;ok dell&#8217;Autorit\u00e0 Portuale&#8221;"},"content":{"rendered":"<p><strong>Savona<\/strong>. L&#8217;iter per creare anche sotto la Torretta una spiaggia dedicata ai quattrozampe \u00e8 finalmente iniziato. Lo ha annunciato oggi pomeriggio in consiglio comunale l&#8217;assessore Paolo Ripamonti, rispondendo ad un&#8217;interpellanza del gruppo consiliare del Pd.<\/p>\n<p>Il tema a Savona \u00e8 sentito da tempo, tanto che divent\u00f2 uno dei punti chiave del programma elettorale di tutti e tre i principali schieramenti. A gennaio, per\u00f2, di fronte all&#8217;assenza di progressi, alcuni savonesi hanno dato vita ad una raccolta firme per chiedere alla giunta Caprioglio di occuparsene; una <a href=\"http:\/\/www.ivg.it\/2017\/01\/spiaggia-cani-savona-via-alla-raccolta-firme-candidati-sindaci-lavevano-promessa\/\">iniziativa partita il 6 gennaio<\/a> a cui \u00e8 seguita, pochi giorni dopo (il 10 gennaio) <a href=\"http:\/\/www.ivg.it\/2017\/01\/spiaggia-cani-savona-pd-duro-caprioglio-lennesima-facciata-parlava-senza-cognizione-causa\/\">un&#8217;interpellanza del Pd<\/a>\u00a0che aveva scatenato anche una piccola <a href=\"http:\/\/www.ivg.it\/2017\/01\/savona-ripamonti-al-pd-la-spiaggia-cani-potevano-farla-ventanni\/\">polemica con Ripamonti<\/a>.<\/p>\n<p>A &#8220;frenare&#8221; il tutto, ha spiegato Ripamonti, \u00e8 stato semplicemente l&#8217;accorpamento delle Autorit\u00e0 Portuali di Savona e Genova. &#8220;Abbiamo iniziato ad occuparcene da subito, ma abbiamo dovuto attendere che la riforma dei porti fosse operativa &#8211; ha detto in consiglio &#8211; Il 17 di gennaio abbiamo finalmente avviato la procedura chiedendo la modifica del Piano Regionale delle Coste, l&#8217;equivalente del &#8216;piano regolatore&#8217; delle spiagge&#8221;.<\/p>\n<p>Un annuncio accolto con soddisfazione dal Pd, ma non senza una malcelata ironia: &#8220;Mi fa piacere il vostro tempismo &#8211; ha replicato Barbara Pasquali &#8211; abbiamo presentato l&#8217;interpellanza il 10 ed avete iniziato l&#8217;iter il 17&#8230; se la collaborazione tra maggioranza e minoranza fosse sempre cos\u00ec si lavorerebbe bene&#8221;.<\/p>\n","protected":false},"excerpt":{"rendered":"<p>La richiesta \u00e8 stata presentata il 17 gennaio: &#8220;Occorre una variazione del Piano Regionale delle Coste&#8221;<\/p>\n","protected":false},"author":10593,"featured_media":0,"comment_status":"open","ping_status":"closed","sticky":false,"template":"","format":"standard","meta":{"footnotes":""},"categories":[56],"tags":[1543,83912],"class_list":["post-402414","post","type-post","status-publish","format-standard","hentry","category-altre","tag-autorita-portuale","tag-cani-spiaggia","post_cat_citta-savona","post_tag_personaggi-paolo-ripamonti"],"amp_validity":null,"amp_enabled":true,"_links":{"self":[{"href":"https:\/\/staging.ivg.it\/ediapi\/wp\/v2\/posts\/402414","targetHints":{"allow":["GET"]}}],"collection":[{"href":"https:\/\/staging.ivg.it\/ediapi\/wp\/v2\/posts"}],"about":[{"href":"https:\/\/staging.ivg.it\/ediapi\/wp\/v2\/types\/post"}],"author":[{"embeddable":true,"href":"https:\/\/staging.ivg.it\/ediapi\/wp\/v2\/users\/10593"}],"replies":[{"embeddable":true,"href":"https:\/\/staging.ivg.it\/ediapi\/wp\/v2\/comments?post=402414"}],"version-history":[{"count":0,"href":"https:\/\/staging.ivg.it\/ediapi\/wp\/v2\/posts\/402414\/revisions"}],"wp:attachment":[{"href":"https:\/\/staging.ivg.it\/ediapi\/wp\/v2\/media?parent=402414"}],"wp:term":[{"taxonomy":"category","embeddable":true,"href":"https:\/\/staging.ivg.it\/ediapi\/wp\/v2\/categories?post=402414"},{"taxonomy":"post_tag","embeddable":true,"href":"https:\/\/staging.ivg.it\/ediapi\/wp\/v2\/tags?post=402414"}],"curies":[{"name":"wp","href":"https:\/\/api.w.org\/{rel}","templated":true}]}}