{"id":402262,"date":"2017-01-31T17:34:00","date_gmt":"2017-01-31T16:34:00","guid":{"rendered":"http:\/\/www.ivg.it\/?p=402262"},"modified":"2017-01-31T17:34:00","modified_gmt":"2017-01-31T16:34:00","slug":"danni-alluvionali-niente-risarcimento-alla-liguria-pd-colpa-dellincapacita-della-giunta-toti","status":"publish","type":"post","link":"https:\/\/staging.ivg.it\/2017\/01\/danni-alluvionali-niente-risarcimento-alla-liguria-pd-colpa-dellincapacita-della-giunta-toti\/","title":{"rendered":"Danni alluvionali, niente risarcimento alla Liguria. Il Pd: &#8220;Colpa dell&#8217;incapacit\u00e0 della giunta Toti&#8221;"},"content":{"rendered":"<p><strong>Regione<\/strong>. \u201cUn fatto gravissimo, che mette ancora una volta in evidenza l&#8217;incapacit\u00e0 della maggioranza che governa la nostra Regione\u201d. Cos\u00ec i consiglieri regionali del Pd Raffaella Paita, Luigi De Vincenzi e Giovanni Barbagallo commentano la perdita dei risarcimenti danni per le aziende liguri danneggiate dall&#8217;alluvione del 2014 che \u00e8 stata \u201cufficializzata\u201d oggi dal ministero dell&#8217;economia e delle finanze.<\/p>\n<p>Questa mattina i sindaci di Albenga e Ceriale Giorgio Cangiano ed Ennio Fazio, insieme ai parlamentarli Dem Franco Vazio e Anna Giacobbe hanno incontrato il sottosegretario all&#8217;economia Paola De Micheli, il quale ha ribadito il fatto che la Liguria non beneficer\u00e0 dei fondi stanziati dal governo in quanto la Regione non ha presentato la rendicontazione dei danni subiti e la domanda per accedere ai fondi nelle modalit\u00e0 e nei termini previsti.<\/p>\n<p>Una notizia per certi versi \u201canticipata\u201d dal Pd Ligure qualche mese fa: \u201cAvevamo lanciato l&#8217;allarme gi\u00e0 l&#8217;estate scorsa, ma Toti e l&#8217;assessore Mai avevano detto che non c&#8217;erano problemi. Adesso per\u00f2 quei timori sono stati confermati dal ministero delle Finanze, alla presenza dei sindaci Cangiano e Fazio e dei deputati Pd Vazio e Giacobbe: le aziende agricole liguri colpite dall&#8217;alluvione del 2014 non riceveranno i risarcimenti messi a disposizione dal governo, perch\u00e9 la Regione Liguria non ha compilato correttamente la richiesta dei fondi\u201d.<\/p>\n<p>Per i Dem si tratta di \u201cun fatto gravissimo, che mette ancora una volta in evidenza l&#8217;incapacit\u00e0 della maggioranza che governa la nostra Regione. Un&#8217;incapacit\u00e0 ancora pi\u00f9 grave visto che, per mesi, la giunta ha negato quanto \u00e8 stato confermato oggi. La Liguria \u00e8 l&#8217;unica regione d&#8217;Italia colpita dall&#8217;alluvione che non ricever\u00e0 questi fondi\u201d.<\/p>\n<p>I parlamentari liguri e il gruppo regionale del Pd si sono gi\u00e0 messi in moto per capire quali siano i margini di manovra per cercare di recuperare altri finanziamenti: \u201cTroviamo per\u00f2 assurdo che decine di aziende agricole rischino di chiudere perch\u00e9 l&#8217;assessorato guidato da Mai ha sbagliato a presentare la domande di risarcimento danni\u201d.<\/p>\n","protected":false},"excerpt":{"rendered":"<p>&#8220;Un&#8217;incapacit\u00e0 ancora pi\u00f9 grave visto che, per mesi, la giunta ha negato quanto \u00e8 stato confermato oggi&#8221;<\/p>\n","protected":false},"author":12120,"featured_media":0,"comment_status":"open","ping_status":"closed","sticky":false,"template":"","format":"standard","meta":{"footnotes":""},"categories":[31],"tags":[67677,7280,51385,295],"class_list":["post-402262","post","type-post","status-publish","format-standard","hentry","category-politica","tag-alluvione-2014","tag-danni-alluvionali","tag-pd-liguria","tag-regione","post_tag_personaggi-anna-giacobbe","post_tag_personaggi-ennio-fazio","post_tag_personaggi-franco-vazio","post_tag_personaggi-giorgio-cangiano-2","post_tag_personaggi-giovanni-barbagallo","post_tag_personaggi-giovanni-toti","post_tag_personaggi-luigi-de-vincenzi","post_tag_personaggi-paola-de-micheli","post_tag_personaggi-raffaella-paita","post_tag_personaggi-stefano-mai"],"amp_validity":null,"amp_enabled":true,"_links":{"self":[{"href":"https:\/\/staging.ivg.it\/ediapi\/wp\/v2\/posts\/402262","targetHints":{"allow":["GET"]}}],"collection":[{"href":"https:\/\/staging.ivg.it\/ediapi\/wp\/v2\/posts"}],"about":[{"href":"https:\/\/staging.ivg.it\/ediapi\/wp\/v2\/types\/post"}],"author":[{"embeddable":true,"href":"https:\/\/staging.ivg.it\/ediapi\/wp\/v2\/users\/12120"}],"replies":[{"embeddable":true,"href":"https:\/\/staging.ivg.it\/ediapi\/wp\/v2\/comments?post=402262"}],"version-history":[{"count":0,"href":"https:\/\/staging.ivg.it\/ediapi\/wp\/v2\/posts\/402262\/revisions"}],"wp:attachment":[{"href":"https:\/\/staging.ivg.it\/ediapi\/wp\/v2\/media?parent=402262"}],"wp:term":[{"taxonomy":"category","embeddable":true,"href":"https:\/\/staging.ivg.it\/ediapi\/wp\/v2\/categories?post=402262"},{"taxonomy":"post_tag","embeddable":true,"href":"https:\/\/staging.ivg.it\/ediapi\/wp\/v2\/tags?post=402262"}],"curies":[{"name":"wp","href":"https:\/\/api.w.org\/{rel}","templated":true}]}}