{"id":402209,"date":"2017-01-31T10:57:31","date_gmt":"2017-01-31T09:57:31","guid":{"rendered":"http:\/\/www.ivg.it\/?p=402209"},"modified":"2017-01-31T10:57:31","modified_gmt":"2017-01-31T09:57:31","slug":"commissione-inchiesta-ata-le-domande-dei-verdi-savonesi-al-presidente-virtuale","status":"publish","type":"post","link":"https:\/\/staging.ivg.it\/2017\/01\/commissione-inchiesta-ata-le-domande-dei-verdi-savonesi-al-presidente-virtuale\/","title":{"rendered":"Commissione inchiesta Ata: le domande dei Verdi Savonesi al presidente &#8220;virtuale&#8221;"},"content":{"rendered":"<p><strong>Savona<\/strong>. I Verdi Savonesi affrontano uno degli argomenti caldi della settimana a Palazzo Sisto, ovvero la Commissione di inchiesta su Ata, e lo fanno rivolgendo una serie di &#8220;domande ad un presidente &#8216;virtuale&#8217; della commissione&#8221;.<\/p>\n<p>&#8220;In questi giorni in cui il Comune di Savona dovrebbe definire gli assetti e il presidente della Commissione di inchiesta su ATA vorremmo porgli anche se in maniera virtuale poich\u00e9 non ne conosciamo il nome alcune domande: come si \u00e8 generato il buco clamoroso di bilancio dell&#8217;azienda? A che punto \u00e8 il programma di dismissione completa della discarica di Cima Mont\u00e0 ormai chiusa da anni per esaurimento? Perch\u00e9 l&#8217;azienda non ha mai pianificato insieme al comune un piano di raccolta differenziata spinta puntando sempre su modalit\u00e0,che non permetteranno mai di raggiungere gli obiettivi di legge (ne \u00e8 testimonianza l&#8217;attuale obiettivo del 50% quando per legge dovremmo essere da tempo al 65%)?&#8221; scrivono i Verdi Savonesi.<\/p>\n<p>E ancora: &#8220;Perche&#8217; l&#8217;azienda non ha mai avviato una concreta scelta verso la riduzione all&#8217;origine dei rifiuti e verso il riuso lavorando d&#8217;intesa con il Laboratorio di Educazione Ambientale,oggi ormai ridotto ai minimi termini? Perch\u00e9 l&#8217;azienda si \u00e8 buttata nella gestione dei parcheggi e soprattutto perch\u00e9 il Comune ha sempre visto tale dato come una fonte di reddito e non come uno strumento per una politica di mobilit\u00e0 integrata e sostenibile,puntando in particolare ad esempio a parcheggi di cintura e non a portare le macchine nel centro della citt\u00e0? Perch\u00e9 l&#8217;azienda non ha mai perseguito un ruolo attivo nelle politiche energetiche comunali con l&#8217;obiettivo possibile e su cui i Verdi hanno lavorato pure molto affinch\u00e9 divenisse una ESCO con la futura gestione di tutti gli impianti elettrici pubblici cittadini ma magari assumendo su di se&#8217; in primo luogo la gestione del controllo degli impianti termici? Sono solo alcune domande, che investono le politiche di questi anni e soprattutto l&#8217;incapacit\u00e0 di centrodestra e centrosinistra di governare i processi politici nel senso della sostenibilit\u00e0 e una lotta anche a livello cittadino contro i cambiamenti climatici&#8221; concludono i Verdi Savonesi.<\/p>\n","protected":false},"excerpt":{"rendered":"<p>&#8220;Incapacit\u00e0 di centrodestra e centrosinistra di governare i processi politici nel senso della sostenibilit\u00e0 e una lotta anche a livello cittadino contro i cambiamenti climatici&#8221;<\/p>\n","protected":false},"author":2394,"featured_media":0,"comment_status":"open","ping_status":"closed","sticky":false,"template":"","format":"standard","meta":{"footnotes":""},"categories":[31],"tags":[50125,91801,57413],"class_list":["post-402209","post","type-post","status-publish","format-standard","hentry","category-politica","tag-ata-spa","tag-commissione-inchiesta-ata","tag-verdi-savonesi","post_cat_citta-savona"],"amp_validity":null,"amp_enabled":true,"_links":{"self":[{"href":"https:\/\/staging.ivg.it\/ediapi\/wp\/v2\/posts\/402209","targetHints":{"allow":["GET"]}}],"collection":[{"href":"https:\/\/staging.ivg.it\/ediapi\/wp\/v2\/posts"}],"about":[{"href":"https:\/\/staging.ivg.it\/ediapi\/wp\/v2\/types\/post"}],"author":[{"embeddable":true,"href":"https:\/\/staging.ivg.it\/ediapi\/wp\/v2\/users\/2394"}],"replies":[{"embeddable":true,"href":"https:\/\/staging.ivg.it\/ediapi\/wp\/v2\/comments?post=402209"}],"version-history":[{"count":0,"href":"https:\/\/staging.ivg.it\/ediapi\/wp\/v2\/posts\/402209\/revisions"}],"wp:attachment":[{"href":"https:\/\/staging.ivg.it\/ediapi\/wp\/v2\/media?parent=402209"}],"wp:term":[{"taxonomy":"category","embeddable":true,"href":"https:\/\/staging.ivg.it\/ediapi\/wp\/v2\/categories?post=402209"},{"taxonomy":"post_tag","embeddable":true,"href":"https:\/\/staging.ivg.it\/ediapi\/wp\/v2\/tags?post=402209"}],"curies":[{"name":"wp","href":"https:\/\/api.w.org\/{rel}","templated":true}]}}