{"id":402208,"date":"2017-01-31T10:48:13","date_gmt":"2017-01-31T09:48:13","guid":{"rendered":"http:\/\/www.ivg.it\/?p=402208"},"modified":"2017-01-31T19:05:00","modified_gmt":"2017-01-31T18:05:00","slug":"pietra-sindaco-valeriani-ribatte-carrara-sui-profughi-non-lo-sceriffo-del-suo-marchesato-rispetto-la-legge","status":"publish","type":"post","link":"https:\/\/staging.ivg.it\/2017\/01\/pietra-sindaco-valeriani-ribatte-carrara-sui-profughi-non-lo-sceriffo-del-suo-marchesato-rispetto-la-legge\/","title":{"rendered":"Pietra, il sindaco Valeriani ribatte a Carrara sui profughi: &#8220;Non sono lo sceriffo del suo Marchesato, rispetto la legge&#8221;"},"content":{"rendered":"<p><strong>Pietra L.<\/strong> Resta alta la tensione politica a Pietra Ligure dopo l&#8217;ultimo Consiglio comunale all&#8217;insegna delle polemiche e del feroce scontro tra maggioranza e minoranza: al centro la vicenda dei profughi, ma non solo. Duro l&#8217;attacco del consigliere di minoranza Carrara al sindaco Dario Valeriani e al vice sindaco Sara Foscolo (accusata di tradire la Lega Nord per aver bocciato la mozione dell&#8217;opposizione sull&#8217;emergenza migranti).<\/p>\n<p>E dopo la <a href=\"http:\/\/www.ivg.it\/2017\/01\/pietra-carrara-accusa-foscolo-tradisce-la-lega-replica-carrara-inutile-non-accetta-la-sconfitta\/\" target=\"_blank\">secca risposta<\/a> del vice sindaco pietrese, oggi sono arrivate le dichiarazioni del primo cittadino Valeriani: &#8220;L&#8217;atteggiamento e il comportamento del consigliere Carrara \u00e8 fuori luogo, in primis nel metodo in quanto non si possono presentare una serie infinita di interrogazioni che sono camuffate da mozioni (solo allo scopo di avere pi\u00f9 tempo per i suoi show in Consiglio&#8230;): i suoi interventi, sulla vicenda dei profughi, cos\u00ec come sull&#8217;accattonaggio o sulla volont\u00e0 di chiudere i dehor del centro pietrese durante i funerali, sono senza senso e li reputo dannosi per la nostra comunit\u00e0: il consigliere Cararra ha fatto addirittura richieste di multe da 100 euro e il ritiro delle licenze ai recidivi&#8230;&#8221;.<\/p>\n<p>&#8220;In questo modo non ci pu\u00f2 essere alcun confronto costruttivo tra maggioranza e minoranza, anche perch\u00e9 lo stesso Carrara ha rifiutato la possibilit\u00e0 di tornare a convocare la conferenza dei capi gruppo per l&#8217;organizzazione del Consiglio comunale, cercando all&#8217;interno dello stesso Consiglio solo visibilit\u00e0 per discussioni assurde, sulle quali il Comune di Pietra Ligure non pu\u00f2 intervenire direttamente ma solo rispettare le leggi nazionali&#8221; aggiunge ancora Valeriani. <div class=\"single-img-content-container fullwidth-single shortcode standard\">\n    <div class=\"image_container\" style=\"text-align: center;\">\n        <picture class=\" lazyload\"><img loading=\"lazy\" class=\"lazy\" data-srcset=\"https:\/\/www.ivg.it\/photogallery_new\/images\/2017\/01\/i-profughi-ripuliscono-il-rio-ranzi-di-pietra-379335.jpg 1024w, https:\/\/www.ivg.it\/photogallery_new\/images\/2017\/01\/i-profughi-ripuliscono-il-rio-ranzi-di-pietra-379335.jpg 970w, https:\/\/www.ivg.it\/photogallery_new\/images\/2017\/01\/i-profughi-ripuliscono-il-rio-ranzi-di-pietra-379335.jpg 660w, https:\/\/www.ivg.it\/photogallery_new\/images\/2017\/01\/i-profughi-ripuliscono-il-rio-ranzi-di-pietra-379335.jpg 316w, https:\/\/www.ivg.it\/photogallery_new\/images\/2017\/01\/i-profughi-ripuliscono-il-rio-ranzi-di-pietra-379335.jpg 150w\"  data-src=\"https:\/\/www.ivg.it\/photogallery_new\/images\/2017\/01\/i-profughi-ripuliscono-il-rio-ranzi-di-pietra-379335.jpg\" alt=\"I profughi ripuliscono il Rio Ranzi di Pietra\" \/><\/picture>\r\n\n    <\/div>\n    <\/div>\n<\/p>\n<p>&#8220;Lui mi ha chiamato Don Abbondio perch\u00e9 ho paura? Gli voglio ricordare che io non sono lo sceriffo del suo Marchesato e che ci sono regole da rispettare: non solo sulla vicenda dei profughi, ma anche sull&#8217;accattonaggio&#8230;Tra l&#8217;altro sui migranti abbiamo avviato un percorso virtuoso per lavori socialmente utili e a breve avvieremo un nuovo progetto con la Fondazione Ceis-Genova. Il Comune di Pietra Ligure ha gi\u00e0 detto la sua sull&#8217;emergenza dei migranti, in maniera chiara e forte e si sta comportando esattamente come altre amministrazioni comunali, di centro destra o centro sinistra&#8221;.<\/p>\n<p>E poi la questione politica: &#8220;Ricordo al consigliere Carrara che non sono di nessun partito, non sono del Pd o di altri, ma semplicemente a capo di una lista civica che ha vinto le elezioni e che governo la cittadina pietrese, con all&#8217;interno personalit\u00e0 di differente estrazione politica. Se lui cerca sempre la bagarre o di infilare colpi bassi nel tentativo di far cadere la giunta si sbaglia di grosso, noi andremo avanti dritti per la nostra strada con il supporto dei cittadini&#8221; conclude il sindaco Valeriani.<\/p>\n","protected":false},"excerpt":{"rendered":"<p>Pietra L. Resta alta la tensione politica a Pietra Ligure dopo l&#8217;ultimo Consiglio comunale all&#8217;insegna delle polemiche e del feroce scontro tra maggioranza e minoranza: al centro la vicenda dei profughi, ma non solo. Duro l&#8217;attacco del consigliere di minoranza Carrara al sindaco Dario Valeriani e al vice sindaco Sara Foscolo (accusata di tradire la [&hellip;]<\/p>\n","protected":false},"author":4,"featured_media":0,"comment_status":"open","ping_status":"closed","sticky":false,"template":"","format":"standard","meta":{"footnotes":""},"categories":[45296,34,31],"tags":[12694,62392,31945,31028],"class_list":["post-402208","post","type-post","status-publish","format-standard","hentry","category-copertina","category-cronaca","category-politica","tag-comune-pietra-ligure","tag-consiglio-comunale-pietra-ligure","tag-emergenza-profughi","tag-profughi","post_cat_citta-pietra-ligure","post_tag_personaggi-dario-valeriani"],"amp_validity":null,"amp_enabled":true,"_links":{"self":[{"href":"https:\/\/staging.ivg.it\/ediapi\/wp\/v2\/posts\/402208","targetHints":{"allow":["GET"]}}],"collection":[{"href":"https:\/\/staging.ivg.it\/ediapi\/wp\/v2\/posts"}],"about":[{"href":"https:\/\/staging.ivg.it\/ediapi\/wp\/v2\/types\/post"}],"author":[{"embeddable":true,"href":"https:\/\/staging.ivg.it\/ediapi\/wp\/v2\/users\/4"}],"replies":[{"embeddable":true,"href":"https:\/\/staging.ivg.it\/ediapi\/wp\/v2\/comments?post=402208"}],"version-history":[{"count":0,"href":"https:\/\/staging.ivg.it\/ediapi\/wp\/v2\/posts\/402208\/revisions"}],"wp:attachment":[{"href":"https:\/\/staging.ivg.it\/ediapi\/wp\/v2\/media?parent=402208"}],"wp:term":[{"taxonomy":"category","embeddable":true,"href":"https:\/\/staging.ivg.it\/ediapi\/wp\/v2\/categories?post=402208"},{"taxonomy":"post_tag","embeddable":true,"href":"https:\/\/staging.ivg.it\/ediapi\/wp\/v2\/tags?post=402208"}],"curies":[{"name":"wp","href":"https:\/\/api.w.org\/{rel}","templated":true}]}}