{"id":401800,"date":"2017-01-25T09:09:38","date_gmt":"2017-01-25T08:09:38","guid":{"rendered":"http:\/\/www.ivg.it\/?p=401800"},"modified":"2017-01-25T09:43:23","modified_gmt":"2017-01-25T08:43:23","slug":"cuochi-savonesi-aiuto-ai-terremotati-amatrice-2-squadre-partenza-gli-allievi-del-migliorini","status":"publish","type":"post","link":"https:\/\/staging.ivg.it\/2017\/01\/cuochi-savonesi-aiuto-ai-terremotati-amatrice-2-squadre-partenza-gli-allievi-del-migliorini\/","title":{"rendered":"I cuochi savonesi in aiuto ai terremotati di Amatrice: altre 2 squadre in partenza, tra loro gli allievi del Migliorini"},"content":{"rendered":"<p><strong>Liguria.<\/strong> Partir\u00e0 il 29 gennaio, per essere operativa il 30, 31 e 1 febbraio, il Team Torrita 6 della Unione Regionale Cuochi Liguri composto da Fabio Ferrari, Igor di Lucia, Marco Poggi, Roberto Trapani e Stefano Beltrame in supporto al Dipartimento Solidariet\u00e0 Emergenze della Federazione Italiana Cuochi. Il gruppo raggiunger\u00e0 il campo mensa di Torrita di Amatrice, nel centro Italia, per aiutare le popolazioni colpite dal terremoto.<\/p>\n<p>Il lavoro finora svolto dai team liguri ha sviluppato circa 20 giorni di lavoro volontario di somministrazione pasti, per circa 10.000 pasti a popolazione civile, soccorritori e forze dell&#8217;Ordine, alternato a gruppi provenienti da tutta Italia.<\/p>\n<p>Il team in prossima partenza vede coinvolta l&#8217;Associazione &#8220;NOIXVOI&#8221; che parteciper\u00e0 attivamente con Associazione Cuochi Savona nelle cucine. Gi\u00e0 programmato, inoltre, con operativit\u00e0 dal 6 al 9 febbraio, il team 7 che integra allievi dell&#8217;Istituto Migliorini, la Lady Chef Carla Balbiano e lo chef Benedetto Sottile, che saranno coadiuvati dagli allievi Paolo Pizzorno e Alessio Abate\u00a0e saranno operativi dal 6 al 9 febbraio.<\/p>\n<p>&#8220;Il Presidente di URCLig, il Segretario e la responsabile Regionale Lady Chef, a nome di Unione Regionale Cuochi Liguri e Lady Chef intendono ringraziare l&#8217;Associazione Noi per Voi, l&#8217;Istituto Alberghiero Migliorini di Finale Ligure, la Preside e il corpo inegnanti, la Consulta del Volontariato di Finale Ligure, i Cittadini e il Comune di Finale Ligure per la collaborazione e per il contributo devoluto a favore delle squadre di cucina in partenza per il Campo Mensa di Torrita di Amatrice a copertura delle spese di trasferimento&#8221;.<\/p>\n","protected":false},"excerpt":{"rendered":"<p>I cuochi volontari presteranno la loro opera nel campo mensa di Torrita di Amatrice: gi\u00e0 10.000 i pasti somministrati fino ad oggi<\/p>\n","protected":false},"author":10593,"featured_media":0,"comment_status":"open","ping_status":"closed","sticky":false,"template":"","format":"standard","meta":{"footnotes":""},"categories":[45296,34],"tags":[88254],"class_list":["post-401800","post","type-post","status-publish","format-standard","hentry","category-copertina","category-cronaca","tag-terremoto-centro-italia","post_cat_citta-finale-ligure","post_cat_citta-provincia"],"amp_validity":null,"amp_enabled":true,"_links":{"self":[{"href":"https:\/\/staging.ivg.it\/ediapi\/wp\/v2\/posts\/401800","targetHints":{"allow":["GET"]}}],"collection":[{"href":"https:\/\/staging.ivg.it\/ediapi\/wp\/v2\/posts"}],"about":[{"href":"https:\/\/staging.ivg.it\/ediapi\/wp\/v2\/types\/post"}],"author":[{"embeddable":true,"href":"https:\/\/staging.ivg.it\/ediapi\/wp\/v2\/users\/10593"}],"replies":[{"embeddable":true,"href":"https:\/\/staging.ivg.it\/ediapi\/wp\/v2\/comments?post=401800"}],"version-history":[{"count":0,"href":"https:\/\/staging.ivg.it\/ediapi\/wp\/v2\/posts\/401800\/revisions"}],"wp:attachment":[{"href":"https:\/\/staging.ivg.it\/ediapi\/wp\/v2\/media?parent=401800"}],"wp:term":[{"taxonomy":"category","embeddable":true,"href":"https:\/\/staging.ivg.it\/ediapi\/wp\/v2\/categories?post=401800"},{"taxonomy":"post_tag","embeddable":true,"href":"https:\/\/staging.ivg.it\/ediapi\/wp\/v2\/tags?post=401800"}],"curies":[{"name":"wp","href":"https:\/\/api.w.org\/{rel}","templated":true}]}}