{"id":401730,"date":"2017-01-25T07:46:39","date_gmt":"2017-01-25T06:46:39","guid":{"rendered":"http:\/\/www.ivg.it\/?p=401730"},"modified":"2017-01-25T07:48:18","modified_gmt":"2017-01-25T06:48:18","slug":"savona-piange-mobiliere-italo-moresco-55-anni-arredato-aziende-uffici-tutta-la-provincia","status":"publish","type":"post","link":"https:\/\/staging.ivg.it\/2017\/01\/savona-piange-mobiliere-italo-moresco-55-anni-arredato-aziende-uffici-tutta-la-provincia\/","title":{"rendered":"Savona piange il mobiliere Italo Moresco: per 55 anni ha arredato aziende e uffici di tutta la Provincia"},"content":{"rendered":"<p><strong>Savona.<\/strong> Si \u00e8 spento nella tarda serata di ieri nella propria abitazione, all&#8217;et\u00e0 di 74 anni, Italo Moresco, molto noto in citt\u00e0 e non solo per la propria attivit\u00e0 di mobiliere.\u00a0Moresco era infatti il titolare dell&#8217;omonimo negozio di arredamenti per ufficio di via San Lorenzo a Savona.<\/p>\n<p>Un&#8217;attivit\u00e0 che per Italo rappresentava tutta la vita. Moresco apr\u00ec nel 1961, con il giovane Italo ad aiutare il padre Mario, e ben presto divent\u00f2 un riferimento del settore: tra i clienti molti enti pubblici, dai Comuni all&#8217;Autorit\u00e0 Portuale, molti professionisti ed industrie. Italo ha continuato a gestire il negozio, insieme alla moglie Carla, fino alla morte: &#8220;Era la sua vita &#8211; ricorda lei &#8211; nonostante l&#8217;et\u00e0 non ha mai pensato di lasciare&#8221;.<\/p>\n<p>I funerali si celebreranno oggi alle ore 11 presso la parrocchia di Maria Ausiliatrice a Savona.<\/p>\n","protected":false},"excerpt":{"rendered":"<p>Da ragazzino lanci\u00f2 col padre Moresco Arredamenti, diventando un riferimento del settore<\/p>\n","protected":false},"author":10593,"featured_media":0,"comment_status":"open","ping_status":"closed","sticky":false,"template":"","format":"standard","meta":{"footnotes":""},"categories":[34],"tags":[],"class_list":["post-401730","post","type-post","status-publish","format-standard","hentry","category-cronaca","post_cat_citta-savona","post_tag_personaggi-italo-moresco"],"amp_validity":null,"amp_enabled":true,"_links":{"self":[{"href":"https:\/\/staging.ivg.it\/ediapi\/wp\/v2\/posts\/401730","targetHints":{"allow":["GET"]}}],"collection":[{"href":"https:\/\/staging.ivg.it\/ediapi\/wp\/v2\/posts"}],"about":[{"href":"https:\/\/staging.ivg.it\/ediapi\/wp\/v2\/types\/post"}],"author":[{"embeddable":true,"href":"https:\/\/staging.ivg.it\/ediapi\/wp\/v2\/users\/10593"}],"replies":[{"embeddable":true,"href":"https:\/\/staging.ivg.it\/ediapi\/wp\/v2\/comments?post=401730"}],"version-history":[{"count":0,"href":"https:\/\/staging.ivg.it\/ediapi\/wp\/v2\/posts\/401730\/revisions"}],"wp:attachment":[{"href":"https:\/\/staging.ivg.it\/ediapi\/wp\/v2\/media?parent=401730"}],"wp:term":[{"taxonomy":"category","embeddable":true,"href":"https:\/\/staging.ivg.it\/ediapi\/wp\/v2\/categories?post=401730"},{"taxonomy":"post_tag","embeddable":true,"href":"https:\/\/staging.ivg.it\/ediapi\/wp\/v2\/tags?post=401730"}],"curies":[{"name":"wp","href":"https:\/\/api.w.org\/{rel}","templated":true}]}}