{"id":401216,"date":"2017-01-16T18:19:33","date_gmt":"2017-01-16T17:19:33","guid":{"rendered":"http:\/\/www.ivg.it\/?p=401216"},"modified":"2017-01-16T18:44:48","modified_gmt":"2017-01-16T17:44:48","slug":"santa-corona-de-vincenzi-pd-potenziare-pronto-soccorso-lemergenza-deve-finire","status":"publish","type":"post","link":"https:\/\/staging.ivg.it\/2017\/01\/santa-corona-de-vincenzi-pd-potenziare-pronto-soccorso-lemergenza-deve-finire\/","title":{"rendered":"Santa Corona, De Vincenzi (Pd): &#8220;Potenziare il pronto soccorso, l&#8217;emergenza deve finire&#8221;"},"content":{"rendered":"<p><strong>Pietra L.<\/strong> La <a href=\"http:\/\/www.ivg.it\/2017\/01\/pronto-soccorso-del-santa-corona-cronaca-lenta-agonia-drammatico-racconto-la-professionalita-medici-infermieri-non-basta\/\" target=\"_blank\">lettera denuncia <\/a>pubblicata da IVG.it ha fatto senz&#8217;altro scalpore, anche se rimane una delle tante proteste degli ultimi tempi sulla difficile situazione del pronto soccorso dell&#8217;ospedale Santa Corona di Pietra Ligure, in una situazione di emergenza sopperita solo grazie ai &#8220;miracoli&#8221; di medici, infermieri e personale sanitario che opera nella struttura sanitaria pietrese.<\/p>\n<p>&#8220;Non si pu\u00f2 pi\u00f9 andare avanti, ormai le criticit\u00e0 si ripetono continuamente, in estate, in inverno, durante le epidemie influenzali, etc, etc, etc&#8230;E&#8217; indispensabile capire l&#8217;importanza di una struttura di emergenza come il pronto soccorso del Santa Corona e quindi potenziarlo al massimo. Invece assistiamo, come in altri reparti del resto, al depauperamento di professionalit\u00e0 medico-sanitarie che sono indispensabili per ottimizzare ed efficientare il servizio di pronto soccorso&#8221;. Cos\u00ec il consigliere regionale del Pd Luigi De Vincenzi torna sul tema della sanit\u00e0 del ponente con diretto riferimento al ruolo e alla funzione dell&#8217;ospedale pietrese. <\/p>\n<p>&#8220;La lettera di Siccardi \u00e8 solo l&#8217;ultima in ordine di tempo, una denuncia grave che ricalca altre proteste di gente che trascorre anche 12-14 ore al pronto soccorso in attesa di una visita. I medici e gli infermieri non possono continuamente fare i salti mortali: un ospedale votato all&#8217;urgenza deve avere le risposte che merita e chiedo all&#8217;assessore regionale Sonia Viale di intervenire immediatamente per risolvere questa situazione&#8221; aggiunge ancora De Vincenzi.<\/p>\n<p>&#8220;Santa Corona ha un bacino di utenza enorme ed \u00e8 il punto di riferimento per la sanit\u00e0 di tutto il ponente: questo ultimo periodo di caos e afflusso record lo dimostrano. Ora servono azioni concrete e un programma sanitario preciso, che consenta all&#8217;ospedale e al pronto soccorso di dare un servizio in linea con le esigenze dei cittadini e dei pazienti&#8221;. <div class=\"single-img-content-container fullwidth-single shortcode standard\">\n    <div class=\"image_container\" style=\"text-align: center;\">\n        <picture class=\" lazyload\"><img loading=\"lazy\" class=\"lazy\" data-srcset=\"https:\/\/www.ivg.it\/photogallery_new\/images\/2014\/01\/malati-parcheggiati-al-pronto-soccorso-s-corona-225575.jpg 1024w, https:\/\/www.ivg.it\/photogallery_new\/images\/2014\/01\/malati-parcheggiati-al-pronto-soccorso-s-corona-225575.jpg 970w, https:\/\/www.ivg.it\/photogallery_new\/images\/2014\/01\/malati-parcheggiati-al-pronto-soccorso-s-corona-225575.jpg 660w, https:\/\/www.ivg.it\/photogallery_new\/images\/2014\/01\/malati-parcheggiati-al-pronto-soccorso-s-corona-225575.jpg 316w, https:\/\/www.ivg.it\/photogallery_new\/images\/2014\/01\/malati-parcheggiati-al-pronto-soccorso-s-corona-225575.jpg 150w\"  data-src=\"https:\/\/www.ivg.it\/photogallery_new\/images\/2014\/01\/malati-parcheggiati-al-pronto-soccorso-s-corona-225575.jpg\" alt=\"malati parcheggiati al pronto soccorso s. corona\" \/><\/picture>\r\n\n    <\/div>\n    <\/div>\n<\/p>\n<p>E il consigliere regionale Luigi De Vincenzi torna a parlare anche del progetto del nuovo Santa Corona, che pare ormai rimasto &#8220;lettera morta&#8221; per l&#8217;attuale amministrazione regionale: &#8220;I problemi del pronto soccorso e dell&#8217;ospedale sono anche di natura strutturale, per questo \u00e8 necessario dare una risposta in termini strutturali per migliorare il servizio e sopperire a certe carenze. Per garantire un futuro all&#8217;ospedale servono investimenti veri, sui reparti, sulle costruzioni e sul funzionamento del Santa Corona, cos\u00ec non si pu\u00f2 andare avanti&#8230;E tutto il resto sarebbero parole al vento&#8230;&#8221;.<\/p>\n<p>&#8220;Tra l&#8217;altro &#8211; conclude De Vincenzi -, pensando alle situazioni emergenziali recenti, mi viene da sorridere pensando che qualcuno volesse togliere il Dea di II livello: mi auguro che ora si possa tornare alla realt\u00e0 dei fatti e prendere i provvedimenti per potenziare il nostro ospedale e assicuragli quella prospettive di eccellenza sanitaria che merita&#8221;.<\/p>\n","protected":false},"excerpt":{"rendered":"<p>Nuovo intervento del consigliere regionale a difesa dell&#8217;ospedale di Pietra Ligure: &#8220;Investimenti e interventi strutturali&#8221;<\/p>\n","protected":false},"author":4,"featured_media":0,"comment_status":"open","ping_status":"closed","sticky":false,"template":"","format":"standard","meta":{"footnotes":""},"categories":[45296,56,34],"tags":[2953,2688,302],"class_list":["post-401216","post","type-post","status-publish","format-standard","hentry","category-copertina","category-altre","category-cronaca","tag-ospedale-santa-corona","tag-pronto-soccorso","tag-santa-corona","post_cat_citta-pietra-ligure","post_tag_personaggi-luigi-de-vincenzi"],"amp_validity":null,"amp_enabled":true,"_links":{"self":[{"href":"https:\/\/staging.ivg.it\/ediapi\/wp\/v2\/posts\/401216","targetHints":{"allow":["GET"]}}],"collection":[{"href":"https:\/\/staging.ivg.it\/ediapi\/wp\/v2\/posts"}],"about":[{"href":"https:\/\/staging.ivg.it\/ediapi\/wp\/v2\/types\/post"}],"author":[{"embeddable":true,"href":"https:\/\/staging.ivg.it\/ediapi\/wp\/v2\/users\/4"}],"replies":[{"embeddable":true,"href":"https:\/\/staging.ivg.it\/ediapi\/wp\/v2\/comments?post=401216"}],"version-history":[{"count":0,"href":"https:\/\/staging.ivg.it\/ediapi\/wp\/v2\/posts\/401216\/revisions"}],"wp:attachment":[{"href":"https:\/\/staging.ivg.it\/ediapi\/wp\/v2\/media?parent=401216"}],"wp:term":[{"taxonomy":"category","embeddable":true,"href":"https:\/\/staging.ivg.it\/ediapi\/wp\/v2\/categories?post=401216"},{"taxonomy":"post_tag","embeddable":true,"href":"https:\/\/staging.ivg.it\/ediapi\/wp\/v2\/tags?post=401216"}],"curies":[{"name":"wp","href":"https:\/\/api.w.org\/{rel}","templated":true}]}}