{"id":400846,"date":"2017-01-10T21:00:28","date_gmt":"2017-01-10T20:00:28","guid":{"rendered":"http:\/\/www.ivg.it\/?p=400846"},"modified":"2017-01-10T21:00:28","modified_gmt":"2017-01-10T20:00:28","slug":"la-runrivierarun-vola-alla-promo-classic-nizza","status":"publish","type":"post","link":"https:\/\/staging.ivg.it\/2017\/01\/la-runrivierarun-vola-alla-promo-classic-nizza\/","title":{"rendered":"La RunRivieraRun vola alla Promo Classic di Nizza"},"content":{"rendered":"<p><strong>Finale Ligure<\/strong>. <strong>Poco pi\u00f9 di due anni fa nacque il progetto Asd RunRivieraRun<\/strong>, una societ\u00e0 podistica del savonese, con sede a Finale Ligure, organizzatrice della RunRivieraRun International HalfMarathon, che iniziava a muovere i suoi primi passi con il desiderio e la volont\u00e0 di porsi in maniera del tutto nuova e speciale all&#8217;interno del panorama running. <strong>Gi\u00e0 in questo primo scorcio di 2017 il team rivierasco ha saputo distinguersi<\/strong> e segnalarsi nelle competizioni di inizio anno.<\/p>\n<p>Si tratta di <strong>runner &amp; walker che incominciarono un percorso<\/strong> con un primo grande obiettivo (New York) portato a termine nel 2015, con 22 atleti al traguardo, con la convinzione che il territorio da coprire e da coinvolgere non si ferma ai confini liguri, ma racchiude tutta l&#8217;Italia e si muove verso l&#8217;Europa; la creazione di un gruppo non \u00e9 solo riferita allo sport, ma al senso di appartenenza che ogni persona,<strong> sia un runner, sia un walker o sia un angel<\/strong>, i volontari RunRivieraRun, sente facendo parte del mondo RunRivieraRun. Dal divertimento, poi, nasce la passione e dalla passione nasce la volont\u00e0 di migliorarsi e da l\u00ec i risultati: poich\u00e9 l&#8217;unione fa la forza, due sono le partnership importanti, quella con Doria Nuoto Loano (triathlon) e BergTeam (trail), fondate per il progetto &#8220;Socializzazione e Benessere&#8221;, la strada da seguire per coinvolgere tutti, dai giovani ai meno giovani, giacch\u00e8 allenamenti di gruppo e cene sono il <em>trait d&#8217;union<\/em> per crescere sempre di pi\u00f9.<\/p>\n<p>E il 2017 non poteva che iniziare nei migliore dei modi per l&#8217;Asd RunRivieraRun, impegnata domenica 8 gennaio in una delle pi\u00f9 belle gare della stagione e tra le pi\u00f9 importanti di Francia, <strong>la Promo Classic di Nizza di 10 km, con i suoi 5232 iscritti<\/strong>.<\/p>\n<p><strong>Ivan Cappelli<\/strong>, una delle promesse del triathlon e del podismo savonese, <strong>ha vinto la categoria Promesse<\/strong> con il fantastico tempo di 35&#8217;12&#8221; e l&#8217;Asd RunRivieraRun, con i suoi 28 iscritti e 19 arrivati, con defezioni per malattie e infortuni, si \u00e9 piazzata al terzo posto nella classifica generale a tempo, chiudendo in 2h35&#8217;11&#8221; dietro ad Amadeus e Decathlon Var; per questa classifica sono stati scelti i quattro migliori tempi di ciascuna squadra, che per la RunRivieraRun sono stati quelli di Ivan Cappelli, Marco Miglio, Samuele Ghizzoni, Paolo Desalvo. Decimo posto, invece, per il numero di partecipanti.<\/p>\n<p>Questo \u00e8 un risultato di grande rilievo per una giovane societ\u00e0 come l&#8217;Asd RunRivieraRun, pronta per una nuova grande stagione di organizzazioni, Le 5 Tune-Up e la RunRivieraRun su tutte, e di gare con i suoi atleti in giro per l&#8217;Italia ed il mondo.<\/p>\n","protected":false},"excerpt":{"rendered":"<p>Buona prestazione della RunRivieraRun e del suo giovane alfiere Ivan Capelli alla gara nizzarda: il nuovo anno comincia sotto il migliore degli auspici<\/p>\n","protected":false},"author":12631,"featured_media":0,"comment_status":"open","ping_status":"closed","sticky":false,"template":"","format":"standard","meta":{"footnotes":""},"categories":[45296,47716,32],"tags":[1810,345,11527],"class_list":["post-400846","post","type-post","status-publish","format-standard","hentry","category-copertina","category-atletica-sport","category-sport","tag-atletica","tag-corsa","tag-trail","post_cat_citta-finale-ligure","post_tag_personaggi-ivan-capelli"],"amp_validity":null,"amp_enabled":true,"_links":{"self":[{"href":"https:\/\/staging.ivg.it\/ediapi\/wp\/v2\/posts\/400846","targetHints":{"allow":["GET"]}}],"collection":[{"href":"https:\/\/staging.ivg.it\/ediapi\/wp\/v2\/posts"}],"about":[{"href":"https:\/\/staging.ivg.it\/ediapi\/wp\/v2\/types\/post"}],"author":[{"embeddable":true,"href":"https:\/\/staging.ivg.it\/ediapi\/wp\/v2\/users\/12631"}],"replies":[{"embeddable":true,"href":"https:\/\/staging.ivg.it\/ediapi\/wp\/v2\/comments?post=400846"}],"version-history":[{"count":0,"href":"https:\/\/staging.ivg.it\/ediapi\/wp\/v2\/posts\/400846\/revisions"}],"wp:attachment":[{"href":"https:\/\/staging.ivg.it\/ediapi\/wp\/v2\/media?parent=400846"}],"wp:term":[{"taxonomy":"category","embeddable":true,"href":"https:\/\/staging.ivg.it\/ediapi\/wp\/v2\/categories?post=400846"},{"taxonomy":"post_tag","embeddable":true,"href":"https:\/\/staging.ivg.it\/ediapi\/wp\/v2\/tags?post=400846"}],"curies":[{"name":"wp","href":"https:\/\/api.w.org\/{rel}","templated":true}]}}