{"id":40060,"date":"2008-11-07T14:29:44","date_gmt":"2008-11-07T13:29:44","guid":{"rendered":"http:\/\/www.ivg.it\/2008\/11\/07\/il-comune-di-altare-favorisce-la-realizzazione-di-impianti-fotovoltaici\/"},"modified":"2008-11-08T09:55:25","modified_gmt":"2008-11-08T08:55:25","slug":"il-comune-di-altare-favorisce-la-realizzazione-di-impianti-fotovoltaici","status":"publish","type":"post","link":"https:\/\/staging.ivg.it\/2008\/11\/il-comune-di-altare-favorisce-la-realizzazione-di-impianti-fotovoltaici\/","title":{"rendered":"Il Comune di Altare favorisce la realizzazione di impianti fotovoltaici"},"content":{"rendered":"<p><strong>[thumb:2252:l]Altare<\/strong>. Si \u00e8 svolto ad Altare presso Villa Rosa, sede del museo del vetro, un incontro pubblico sulle tematiche della produzione di energia elettrica con i sistemi fotovoltaici e l&#8217;estensione di buone pratiche per l&#8217;utilizzo del fotovoltaico nelle aziende.<\/p>\n<p>All&#8217;incontro hanno partecipato la Provincia di Savona (assessore all&#8217;ambiente Enrico Paliotto), il Comune di Altare (il sindaco Flavio Genta e l&#8217;assessore allo sviluppo economico Marino Umidio) e Sviluppo Italia Liguria.<\/p>\n<p>Obiettivo dell&#8217;iniziativa illustrare i vantaggi del conto energia e radunare la massa critica di aziende che possano accedere al finanziamento statale in conto esercizio e ai prossimi finanziamenti in conto capitale in 20% che la Regione Liguria metter\u00e0 a bando prossimamente nell&#8217;ambito del progetto Europeo Pure (EIE Energie intelligenti Europa).<\/p>\n<p>&#8220;Il Comune di Altare avr\u00e0 un ruolo di coordinamento dell&#8217;iniziativa &#8211; ha detto il sindaco Genta &#8211; attraverso la promozione di incontri sul territorio per la diffusione del fotovoltaico in ambiente urbano e nell&#8217;integrazione degli edifici. Come \u00e8 noto i temi dei costi dell&#8217;energia, della totale dipendenza dell&#8217;Italia da paesi esteri relativamente al suo approvvigionamento  e delle materie prime per produrla, della possibilit\u00e0 di utilizzare fonti rinnovabili, nonch\u00e9 gli accordi previsti nel protocollo di Kyoto, hanno favorito anche in Italia lo sviluppo di una intensa attivit\u00e0 di ricerca e realizzazione di produzione di energia da fonti rinnovabili (eolico, fotovoltaico, geotermico)&#8221;.<\/p>\n<p>&#8220;Per questo il nostro Comune &#8211; ha proseguito Flavio Genta &#8211; intende favorire la realizzazione di impianti produzione di energia elettrica con i sistemi fotovoltaici destinati all&#8217;auto consumo ed eventualmente alla produzione e vendita. Il tutto nell&#8217;ottica di rilanciare l&#8217;economia valbormidese attraverso l&#8217;installazione di impianti di significativa potenza da fonti rinnovabili e la formazione di aziende che possano operare nel settore&#8221;.<\/p>\n<p>Durante l&#8217;incontro l&#8217;assessore all&#8217;Ambiente Enrico Paliotto ha illustrato il lavoro dello sportello energia della Provincia di Savona che in questi anni attraverso il front office e un numero verde ha lavorato nell&#8217;ottica di fornire informazioni al pubblico e alle aziende sulle disponibilit\u00e0 di finanziamenti e di contributi per realizzare impianti per la produzione di energia ottenuta da fonti rinnovabili (contributi della Regione Liguria; banche che propongono prodotti di finanziamento specifici). &#8220;Generalmente &#8211; ha aggiunto Paliotto &#8211; questi impianti, se sussistono particolari condizioni tecniche e fisiche, oltre a generare energia elettrica possono diventare interessanti fonti prima di risparmio economico e in secondo luogo di investimento finanziario vero e proprio&#8221;.<\/p>\n","protected":false},"excerpt":{"rendered":"<p>[thumb:2252:l]Altare. Si \u00e8 svolto ad Altare presso Villa Rosa, sede del museo del vetro, un incontro pubblico sulle tematiche della produzione di energia elettrica con i sistemi fotovoltaici e l&#8217;estensione di buone pratiche per l&#8217;utilizzo del fotovoltaico nelle aziende. All&#8217;incontro hanno partecipato la Provincia di Savona (assessore all&#8217;ambiente Enrico Paliotto), il Comune di Altare (il [&hellip;]<\/p>\n","protected":false},"author":13744,"featured_media":0,"comment_status":"open","ping_status":"closed","sticky":false,"template":"","format":"standard","meta":{"footnotes":""},"categories":[35],"tags":[85871,2356,2683,892],"class_list":["post-40060","post","type-post","status-publish","format-standard","hentry","category-economia","tag-altare","tag-energie-alternative","tag-energie-rinnovabili","tag-fotovoltaico","post_cat_citta-altare"],"amp_validity":null,"amp_enabled":true,"_links":{"self":[{"href":"https:\/\/staging.ivg.it\/ediapi\/wp\/v2\/posts\/40060","targetHints":{"allow":["GET"]}}],"collection":[{"href":"https:\/\/staging.ivg.it\/ediapi\/wp\/v2\/posts"}],"about":[{"href":"https:\/\/staging.ivg.it\/ediapi\/wp\/v2\/types\/post"}],"author":[{"embeddable":true,"href":"https:\/\/staging.ivg.it\/ediapi\/wp\/v2\/users\/13744"}],"replies":[{"embeddable":true,"href":"https:\/\/staging.ivg.it\/ediapi\/wp\/v2\/comments?post=40060"}],"version-history":[{"count":0,"href":"https:\/\/staging.ivg.it\/ediapi\/wp\/v2\/posts\/40060\/revisions"}],"wp:attachment":[{"href":"https:\/\/staging.ivg.it\/ediapi\/wp\/v2\/media?parent=40060"}],"wp:term":[{"taxonomy":"category","embeddable":true,"href":"https:\/\/staging.ivg.it\/ediapi\/wp\/v2\/categories?post=40060"},{"taxonomy":"post_tag","embeddable":true,"href":"https:\/\/staging.ivg.it\/ediapi\/wp\/v2\/tags?post=40060"}],"curies":[{"name":"wp","href":"https:\/\/api.w.org\/{rel}","templated":true}]}}