{"id":400356,"date":"2017-01-02T14:32:29","date_gmt":"2017-01-02T13:32:29","guid":{"rendered":"http:\/\/www.ivg.it\/?p=400356"},"modified":"2017-01-02T14:32:29","modified_gmt":"2017-01-02T13:32:29","slug":"direttiva-bolkestein-gli-ambulanti-fiva-savona-proclamano-lo-sciopero-delliva","status":"publish","type":"post","link":"https:\/\/staging.ivg.it\/2017\/01\/direttiva-bolkestein-gli-ambulanti-fiva-savona-proclamano-lo-sciopero-delliva\/","title":{"rendered":"Direttiva Bolkestein, gli ambulanti di Fiva Savona proclamano lo &#8220;sciopero dell&#8217;Iva&#8221;"},"content":{"rendered":"<p><strong>Savona<\/strong>. Uno sciopero fiscale sull&#8217;Iva. E&#8217; quello proclamato dal presidente della sezione di Savona della Federazione Italia Venditori Ambulanti Mauro Vico e dal segretario Umberto Torcello per protestare contro le azioni intraprese dal governo (ritenute tutt&#8217;altro che soddisfacenti) in ambito di Bolkestein.<\/p>\n<p>\u201cCon il suo &#8216;milleproroghe&#8217; il governo ha deciso di rinviare di due anni i bandi per il rinnovo delle concessioni, creando una grande confusione nel settore degli ambulanti \u2013 precisano meglio dalla Fiva \u2013 Questa situazione \u00e8 inaccettabile. Il governo e i Comuni, sempre pronti a chiedere quattrini e poco presenti quando si tratta di salvaguardare gli operatori che regolarmente pagano le tasse, Inps e tutto ci\u00f2 che viene richiesto con grande sacrificio, devono assumersi le loro responsabilit\u00e0\u201d.<\/p>\n<p>\u201cL&#8217;aver inserito nella legge di recepimento della Bolkestein gli ambulanti \u00e8 stato la dimostrazione che i politici non conoscono assolutamente la realt\u00e0 sane dei mercati. E il rinvio ha significato un ulteriore errore e la dimostrazione di incapacit\u00e0, visto che si aiuta ancora chi non paga le tasse\u201d.<\/p>\n<p>\u201cA questo punto, visto che chi non \u00e8 in regola ha sempre vantaggi, gli iscritti alla Fiva di Savona intendono proclamare uno sciopero fiscale sull&#8217;Imposta sul Valore Aggiunto sino a quando lo Stato, la Regione e i Comuni non daranno certezze alle nostre imprese\u201d.<\/p>\n","protected":false},"excerpt":{"rendered":"<p>\u201cIl governo ha deciso di rinviare di due anni i bandi per il rinnovo delle concessioni, creando una grande confusione nel settore&#8221;<\/p>\n","protected":false},"author":12120,"featured_media":0,"comment_status":"open","ping_status":"closed","sticky":false,"template":"","format":"standard","meta":{"footnotes":""},"categories":[35,31],"tags":[37273,71284],"class_list":["post-400356","post","type-post","status-publish","format-standard","hentry","category-economia","category-politica","tag-direttiva-bolkestein","tag-fiva","post_cat_citta-provincia","post_tag_personaggi-mauro-vico","post_tag_personaggi-umberto-torcello"],"amp_validity":null,"amp_enabled":true,"_links":{"self":[{"href":"https:\/\/staging.ivg.it\/ediapi\/wp\/v2\/posts\/400356","targetHints":{"allow":["GET"]}}],"collection":[{"href":"https:\/\/staging.ivg.it\/ediapi\/wp\/v2\/posts"}],"about":[{"href":"https:\/\/staging.ivg.it\/ediapi\/wp\/v2\/types\/post"}],"author":[{"embeddable":true,"href":"https:\/\/staging.ivg.it\/ediapi\/wp\/v2\/users\/12120"}],"replies":[{"embeddable":true,"href":"https:\/\/staging.ivg.it\/ediapi\/wp\/v2\/comments?post=400356"}],"version-history":[{"count":0,"href":"https:\/\/staging.ivg.it\/ediapi\/wp\/v2\/posts\/400356\/revisions"}],"wp:attachment":[{"href":"https:\/\/staging.ivg.it\/ediapi\/wp\/v2\/media?parent=400356"}],"wp:term":[{"taxonomy":"category","embeddable":true,"href":"https:\/\/staging.ivg.it\/ediapi\/wp\/v2\/categories?post=400356"},{"taxonomy":"post_tag","embeddable":true,"href":"https:\/\/staging.ivg.it\/ediapi\/wp\/v2\/tags?post=400356"}],"curies":[{"name":"wp","href":"https:\/\/api.w.org\/{rel}","templated":true}]}}