{"id":400348,"date":"2017-01-02T13:39:13","date_gmt":"2017-01-02T12:39:13","guid":{"rendered":"http:\/\/www.ivg.it\/?p=400348"},"modified":"2017-01-02T13:39:13","modified_gmt":"2017-01-02T12:39:13","slug":"loano-al-palazzetto-dello-sport-lo-stage-danza-contemporary-time","status":"publish","type":"post","link":"https:\/\/staging.ivg.it\/2017\/01\/loano-al-palazzetto-dello-sport-lo-stage-danza-contemporary-time\/","title":{"rendered":"Loano, al palazzetto dello sport lo stage di danza &#8220;Contemporary Time&#8221;"},"content":{"rendered":"<p><strong>Loano<\/strong>. Dal 3 al 5 gennaio nel palazzetto dello sport \u201cGarassini\u201d a Loano far\u00e0 tappa lo stage di danza \u201cContemporary Time\u201c organizzato dall\u2019associazione \u201cProgetti per la Danza\u201d con il patrocinio dell\u2019assessorato a turismo, cultura e sport del Comune.<\/p>\n<p>Il percorso di danza contemporanea, intermedio e avanzato, vedr\u00e0 la presenza dei maestri di livello internazionale e nazionale Fabio Crestale, Giulia Molinari e Salvatore Addis.<\/p>\n<p>Spiegano gli organizzatori: \u201cLa danza contemporanea strumento dell&#8217;essere e del divenire, conoscenza e consapevolezza di un corpo nello spazio che esiste e percepisce, interpreta l&#8217;ambiente circostante e lo rielabora in forme artistiche complesse attraverso l&#8217;utilizzo dei sensi e alla sensibilit\u00e0 insita in ognuno di noi. Questo progetto, che si svilupper\u00e0 in varie citt\u00e0 italiane, \u00e8 un passaggio di conoscenze attraverso grandi personalit\u00e0 della danza contemporanea che si mettono a disposizione per accompagnare i danzatori in un percorso di scoperta e ri-scoperta del corpo e dello spazio nell&#8217;attimo in cui si vive, un qualcosa che si tende a dimenticare ma \u00e8 essenziale in questo meraviglioso linguaggio artistico\u201d.<\/p>\n<p>Fabio Crestale \u00e8 il direttore artistico della compagnia I Funambuli e coreografo e insegnante di contemporaneo al conservatorio di Parigi. Giulia Molinari \u00e8 insegnante di Modern alla scuola di danza del Balletto di Toscana a Firenze e del campus InDanza&amp;InArte dal 2013 con Progetti per la Danza.\u00a0Salvatore Addis \u00e8 danzatore coreografo, insegnante di modern.<\/p>\n<p>A conclusione di ogni incontro saranno consegnati attestati di partecipazione, inoltre saranno assegnate alcune borse di studio per Parigi e per l\u2019Italia agli allievi che si distingueranno nella partecipazione al progetto.<\/p>\n","protected":false},"excerpt":{"rendered":"<p>Il percorso di danza contemporanea vedr\u00e0 la presenza di maestri di livello internazionale e nazionale<\/p>\n","protected":false},"author":12120,"featured_media":0,"comment_status":"open","ping_status":"closed","sticky":false,"template":"","format":"standard","meta":{"footnotes":""},"categories":[56],"tags":[72390,91351],"class_list":["post-400348","post","type-post","status-publish","format-standard","hentry","category-altre","tag-palazzetto-sport-loano","tag-stage-danza","post_cat_citta-loano","post_tag_personaggi-fabio-crestale","post_tag_personaggi-giulia-molinari","post_tag_personaggi-salvatore-addis"],"amp_validity":null,"amp_enabled":true,"_links":{"self":[{"href":"https:\/\/staging.ivg.it\/ediapi\/wp\/v2\/posts\/400348","targetHints":{"allow":["GET"]}}],"collection":[{"href":"https:\/\/staging.ivg.it\/ediapi\/wp\/v2\/posts"}],"about":[{"href":"https:\/\/staging.ivg.it\/ediapi\/wp\/v2\/types\/post"}],"author":[{"embeddable":true,"href":"https:\/\/staging.ivg.it\/ediapi\/wp\/v2\/users\/12120"}],"replies":[{"embeddable":true,"href":"https:\/\/staging.ivg.it\/ediapi\/wp\/v2\/comments?post=400348"}],"version-history":[{"count":0,"href":"https:\/\/staging.ivg.it\/ediapi\/wp\/v2\/posts\/400348\/revisions"}],"wp:attachment":[{"href":"https:\/\/staging.ivg.it\/ediapi\/wp\/v2\/media?parent=400348"}],"wp:term":[{"taxonomy":"category","embeddable":true,"href":"https:\/\/staging.ivg.it\/ediapi\/wp\/v2\/categories?post=400348"},{"taxonomy":"post_tag","embeddable":true,"href":"https:\/\/staging.ivg.it\/ediapi\/wp\/v2\/tags?post=400348"}],"curies":[{"name":"wp","href":"https:\/\/api.w.org\/{rel}","templated":true}]}}