{"id":400322,"date":"2017-01-01T18:22:39","date_gmt":"2017-01-01T17:22:39","guid":{"rendered":"http:\/\/www.ivg.it\/?p=400322"},"modified":"2017-01-01T18:22:39","modified_gmt":"2017-01-01T17:22:39","slug":"loano-contemporary-time-stage-danza-crestale-molinari-addis","status":"publish","type":"post","link":"https:\/\/staging.ivg.it\/2017\/01\/loano-contemporary-time-stage-danza-crestale-molinari-addis\/","title":{"rendered":"A Loano \u00e8 &#8220;Contemporary Time&#8221;, stage di danza con Crestale, Molinari e Addis"},"content":{"rendered":"<p>Dal <strong>3 <\/strong>al<strong> 5 gennaio<\/strong>, far\u00e0 tappa a <strong>Loano<\/strong>, nel Palazzetto dello Sport E. Garassini lo stage di danza <strong>\u201cContemporary Time\u201c <\/strong>organizzato dall\u2019<strong>Associazione Progetti per la Danza <\/strong>con il patrocinio dell\u2019<strong>Assessorato al Turismo, Cultura e Sport del Comune di Loano<\/strong>.<\/p>\n<p>Il percorso di danza contemporanea, intermedio e avanzato, vedr\u00e0 la presenza dei maestri di livello internazionale e nazionale <strong>Fabio Crestale, Giulia Molinari e Salvatore Addis<\/strong>.<br \/>\nSpiegano gli organizzatori: \u201cLa danza contemporanea strumento dell&#8217;essere e del divenire, conoscenza e consapevolezza di un corpo nello spazio che esiste e percepisce, interpreta l&#8217;ambiente circostante e lo rielabora in forme artistiche complesse attraverso l&#8217;utilizzo dei sensi e alla sensibilit\u00e0 insita in ognuno di noi.<br \/>\nQuesto progetto, che si svilupper\u00e0 in varie citt\u00e0 italiane, \u00e8 un passaggio di conoscenze attraverso grandi personalit\u00e0 della danza contemporanea che si mettono a disposizione per accompagnare i danzatori in un percorso di scoperta e ri-scoperta del corpo e dello spazio nell&#8217;attimo in cui si vive, un qualcosa che si tende a dimenticare ma \u00e8 essenziale in questo meraviglioso linguaggio artistico\u201d.<\/p>\n<p><strong>Fabio Crestale<\/strong> \u00e8 il direttore artistico della compagnia I Funambuli e coreografo e insegnante di contemporaneo al Conservatorio di Parigi.\u00a0<strong>Giulia Molinari <\/strong>\u00e8 insegnante di Modern alla scuola di danza del Balletto di Toscana a Firenze e del campus InDanza&amp;InArte dal 2013 con Progetti per la Danza.\u00a0<strong>Salvatore Addis <\/strong>\u00e8 danzatore coreografo, insegnante di modern.<\/p>\n<p>A conclusione di ogni incontro saranno consegnati attestati di partecipazione, inoltre saranno assegnate alcune borse di studio per Parigi e per l\u2019Italia agli allievi che si distingueranno nella partecipazione al progetto.<\/p>\n","protected":false},"excerpt":{"rendered":"<p>Sar\u00e0 dal 3 al 5 gennaio<\/p>\n","protected":false},"author":10593,"featured_media":0,"comment_status":"open","ping_status":"closed","sticky":false,"template":"","format":"standard","meta":{"footnotes":""},"categories":[56],"tags":[],"class_list":["post-400322","post","type-post","status-publish","format-standard","hentry","category-altre","post_cat_citta-loano"],"amp_validity":null,"amp_enabled":true,"_links":{"self":[{"href":"https:\/\/staging.ivg.it\/ediapi\/wp\/v2\/posts\/400322","targetHints":{"allow":["GET"]}}],"collection":[{"href":"https:\/\/staging.ivg.it\/ediapi\/wp\/v2\/posts"}],"about":[{"href":"https:\/\/staging.ivg.it\/ediapi\/wp\/v2\/types\/post"}],"author":[{"embeddable":true,"href":"https:\/\/staging.ivg.it\/ediapi\/wp\/v2\/users\/10593"}],"replies":[{"embeddable":true,"href":"https:\/\/staging.ivg.it\/ediapi\/wp\/v2\/comments?post=400322"}],"version-history":[{"count":0,"href":"https:\/\/staging.ivg.it\/ediapi\/wp\/v2\/posts\/400322\/revisions"}],"wp:attachment":[{"href":"https:\/\/staging.ivg.it\/ediapi\/wp\/v2\/media?parent=400322"}],"wp:term":[{"taxonomy":"category","embeddable":true,"href":"https:\/\/staging.ivg.it\/ediapi\/wp\/v2\/categories?post=400322"},{"taxonomy":"post_tag","embeddable":true,"href":"https:\/\/staging.ivg.it\/ediapi\/wp\/v2\/tags?post=400322"}],"curies":[{"name":"wp","href":"https:\/\/api.w.org\/{rel}","templated":true}]}}