{"id":400308,"date":"2017-01-01T13:37:17","date_gmt":"2017-01-01T12:37:17","guid":{"rendered":"http:\/\/www.ivg.it\/?p=400308"},"modified":"2017-01-01T13:37:17","modified_gmt":"2017-01-01T12:37:17","slug":"rialto-la-postina-piera-va-pensione-sempre-cortese-gentile-grazie","status":"publish","type":"post","link":"https:\/\/staging.ivg.it\/2017\/01\/rialto-la-postina-piera-va-pensione-sempre-cortese-gentile-grazie\/","title":{"rendered":"Rialto, la postina Piera va in pensione: &#8220;Sempre cortese e gentile, grazie&#8221;"},"content":{"rendered":"<p><strong>Rialto.<\/strong> &#8220;Un saluto speciale pieno di auguri e di ringraziamenti va a Piera Piccardo, che ha terminato il suo lavoro nell\u2019ufficio Postale di Rialto: da oggi infatti \u00e8 in pensione&#8221;. Ad esprimerlo \u00e8 il sindaco, Silvio Casanova.<\/p>\n<p>&#8220;Piera \u00e8 arrivata a Rialto nell\u2019ormai  lontano 21 febbraio 1999 &#8211; ricorda il primo cittadino &#8211; e come direttrice ha lavorato  con professionalit\u00e0 e costanza,   dividendo l\u2019attivit\u00e0 tra gli Uffici Postali di Rialto e Gorra&#8221;.<\/p>\n<p>&#8220;Riconoscenza e gratitudine  dall\u2019Amministrazione Comunale, dai dipendenti  e da   parte di tutti i Rialtesi, soprattutto quelli anziani, che hanno trovato &#8216;nella Piera&#8217; sempre cortesia, gentilezza e aiuto&#8221;.<\/p>\n<p>&#8220;La burocrazia \u00e8 un osso duro per tutti e Piera, pur rimanendo scrupolosamente fedele  alle regole  del suo ufficio ha sempre cercato di alleggerirne il peso  con preziosi consigli e\u2026 tanta pazienza &#8211;  conclude Casanova &#8211; Grazie Piera&#8221;.<\/p>\n","protected":false},"excerpt":{"rendered":"<p>Rialto. &#8220;Un saluto speciale pieno di auguri e di ringraziamenti va a Piera Piccardo, che ha terminato il suo lavoro nell\u2019ufficio Postale di Rialto: da oggi infatti \u00e8 in pensione&#8221;. Ad esprimerlo \u00e8 il sindaco, Silvio Casanova. &#8220;Piera \u00e8 arrivata a Rialto nell\u2019ormai lontano 21 febbraio 1999 &#8211; ricorda il primo cittadino &#8211; e come [&hellip;]<\/p>\n","protected":false},"author":10593,"featured_media":0,"comment_status":"open","ping_status":"closed","sticky":false,"template":"","format":"standard","meta":{"footnotes":""},"categories":[56],"tags":[],"class_list":["post-400308","post","type-post","status-publish","format-standard","hentry","category-altre","post_cat_citta-rialto","post_tag_personaggi-piera-piccardo","post_tag_personaggi-silvio-casanova"],"amp_validity":null,"amp_enabled":true,"_links":{"self":[{"href":"https:\/\/staging.ivg.it\/ediapi\/wp\/v2\/posts\/400308","targetHints":{"allow":["GET"]}}],"collection":[{"href":"https:\/\/staging.ivg.it\/ediapi\/wp\/v2\/posts"}],"about":[{"href":"https:\/\/staging.ivg.it\/ediapi\/wp\/v2\/types\/post"}],"author":[{"embeddable":true,"href":"https:\/\/staging.ivg.it\/ediapi\/wp\/v2\/users\/10593"}],"replies":[{"embeddable":true,"href":"https:\/\/staging.ivg.it\/ediapi\/wp\/v2\/comments?post=400308"}],"version-history":[{"count":0,"href":"https:\/\/staging.ivg.it\/ediapi\/wp\/v2\/posts\/400308\/revisions"}],"wp:attachment":[{"href":"https:\/\/staging.ivg.it\/ediapi\/wp\/v2\/media?parent=400308"}],"wp:term":[{"taxonomy":"category","embeddable":true,"href":"https:\/\/staging.ivg.it\/ediapi\/wp\/v2\/categories?post=400308"},{"taxonomy":"post_tag","embeddable":true,"href":"https:\/\/staging.ivg.it\/ediapi\/wp\/v2\/tags?post=400308"}],"curies":[{"name":"wp","href":"https:\/\/api.w.org\/{rel}","templated":true}]}}