{"id":400026,"date":"2016-12-28T09:22:35","date_gmt":"2016-12-28T08:22:35","guid":{"rendered":"http:\/\/www.ivg.it\/?p=400026"},"modified":"2016-12-28T09:22:35","modified_gmt":"2016-12-28T08:22:35","slug":"carcare-inaugurato-laboratorio-fisica-del-calasanzio","status":"publish","type":"post","link":"https:\/\/staging.ivg.it\/2016\/12\/carcare-inaugurato-laboratorio-fisica-del-calasanzio\/","title":{"rendered":"Carcare, inaugurato il nuovo laboratorio di Fisica del Calasanzio"},"content":{"rendered":"<p><strong>Carcare.<\/strong> Il Liceo Calasanzio ha ufficialmente il suo nuovo e superattrezzato laboratorio di Fisica. Il taglio del nastro \u00e8 avvenuto gioved\u00ec pomeriggio quando, alla presenza di numerose autorit\u00e0 civili e militari, il dirigente Fulvio Bianchi ha inaugurato un&#8217;aula completamente rinnovata in arredi, forniti dalla ditta cairese \u201cArredi tecnici Ferraro\u201d, e strumentazione.  <\/p>\n<p>Quest&#8217;aula \u201cnew generation\u201d \u00e8 stata realizzata grazie a un finanziamento ottenuto dal Calasanzio nel corso del passato anno scolastico. Infatti, la scuola, all&#8217;epoca sotto la guida della dirigente Paola Salmoiraghi, ha presentato un progetto ritenuto meritevole a tal punto da guadagnarsi un finanziamento PON (Programma operativo nazionale \u201cPer la scuola, competenze e ambienti per l\u2019apprendimento\u201d 2014 &#8211; 2020), emesso dalla Comunit\u00e0 Europea, per un valore di 22 mila euro. <\/p>\n<p>E cos\u00ec ora i ragazzi potranno finalmente operare in un ambiente al passo con i tempi e con le attuali esigenze didattiche. &#8220;Una vera rivoluzione \u2013 commenta la professoressa Michela Occhetto, insegnante di matematica e fisica nel corso Scientifico, nonch\u00e9 referente del laboratorio \u2013 che andr\u00e0 a beneficio di tutti e tre i nostri corsi di studio.  Attivare il nuovo laboratorio non significa semplicemente inaugurare un\u2028nuovo spazio, ma rinnovare l&#8217;intera didattica del settore scientifico del Calasanzio. Ci dobbiamo, infatti, sempre ricordare che per &#8220;laboratorio&#8221; non si intende semplicemente un luogo, ma una modalit\u00e0 di lavoro, una declinazione didattica pi\u00f9 funzionale all&#8217;apprendimento. E l&#8217;ambiente completamente rinnovato vuole dare il supporto necessario per allestire e gestire attivit\u00e0 pratiche e sperimentali, essenziali per stimolare l&#8217;attitudine al ragionamento scientifico e alla ricerca&#8221;.<\/p>\n<p>Presente all&#8217;evento anche la ex preside Paola Salmoiraghi, ben lieta di tornare tra le mura calasanziane per un &#8216;occasione cos\u00ec importante.<br \/>\nIl pomeriggio \u00e8 stato allietato dalla presenza dei giovani musicisti del gruppo musicale del Liceo che si sono esibiti in brani di musica contemporanea e classica. Anche il dirigente Bianchi ha voluto fare gli auguri di Natale a tutti gli intervenuti proponendo un brano suonato al pianoforte e tratto dallo \u201cSchiaccianoci\u201d di \u010cajkovskij. <\/p>\n","protected":false},"excerpt":{"rendered":"<p>Un&#8217;aula di nuova generazione, al passo con i tempi e le esigenze didattiche<\/p>\n","protected":false},"author":10593,"featured_media":0,"comment_status":"open","ping_status":"closed","sticky":false,"template":"","format":"standard","meta":{"footnotes":""},"categories":[56],"tags":[34286],"class_list":["post-400026","post","type-post","status-publish","format-standard","hentry","category-altre","tag-calasanzio","post_cat_citta-carcare","post_tag_personaggi-michela-occhetto"],"amp_validity":null,"amp_enabled":true,"_links":{"self":[{"href":"https:\/\/staging.ivg.it\/ediapi\/wp\/v2\/posts\/400026","targetHints":{"allow":["GET"]}}],"collection":[{"href":"https:\/\/staging.ivg.it\/ediapi\/wp\/v2\/posts"}],"about":[{"href":"https:\/\/staging.ivg.it\/ediapi\/wp\/v2\/types\/post"}],"author":[{"embeddable":true,"href":"https:\/\/staging.ivg.it\/ediapi\/wp\/v2\/users\/10593"}],"replies":[{"embeddable":true,"href":"https:\/\/staging.ivg.it\/ediapi\/wp\/v2\/comments?post=400026"}],"version-history":[{"count":0,"href":"https:\/\/staging.ivg.it\/ediapi\/wp\/v2\/posts\/400026\/revisions"}],"wp:attachment":[{"href":"https:\/\/staging.ivg.it\/ediapi\/wp\/v2\/media?parent=400026"}],"wp:term":[{"taxonomy":"category","embeddable":true,"href":"https:\/\/staging.ivg.it\/ediapi\/wp\/v2\/categories?post=400026"},{"taxonomy":"post_tag","embeddable":true,"href":"https:\/\/staging.ivg.it\/ediapi\/wp\/v2\/tags?post=400026"}],"curies":[{"name":"wp","href":"https:\/\/api.w.org\/{rel}","templated":true}]}}