{"id":400023,"date":"2016-12-28T09:09:28","date_gmt":"2016-12-28T08:09:28","guid":{"rendered":"http:\/\/www.ivg.it\/?p=400023"},"modified":"2016-12-28T09:09:28","modified_gmt":"2016-12-28T08:09:28","slug":"meteo-primavera-inverno-ancora-clima-mite-bel-tempo","status":"publish","type":"post","link":"https:\/\/staging.ivg.it\/2016\/12\/meteo-primavera-inverno-ancora-clima-mite-bel-tempo\/","title":{"rendered":"Meteo, primavera o inverno? Ancora clima mite e bel tempo"},"content":{"rendered":"<p><strong>Liguria<\/strong>. Una possente figura anticiclonica si consolida sull&#8217;Europa centro-occidentale facendo permanere condizioni di tempo mite e stabile sulla Liguria.<\/p>\n<p>Durante la nottata sulla Liguria il cielo \u00e8 rimasto sereno ovunque. Le temperature minime sono rimaste decisamente sopra alle medie del periodo lungo i tratti di costa dove hanno continuato a spirare le correnti favoniche, mentre in alcune vallate interne, l&#8217;inversione termica ha fatto precipitare i valori di qualche grado sottozero. Ecco le temperature registrate nei 4 capoluoghi di provincia: Genova centro 12.2 gradi, Savona 10.7, Imperia 8.8, La Spezia 6.2.<\/p>\n<p>Lungo la costa, i valori minimi, sono rimasti compresi tra i 4.7 gradi di Chiavari ed i 14.7 della Marina di Alassio, mentre nelle zone interne tra i -6.4 di Calizzano ed i 10.1 di Ne.<\/p>\n<p>Il Centro Limet spiega che nel corso della giornata avremo pochi cambiamenti con cielo che si presenter\u00e0 sereno quasi ovunque e fino a sera, se non si esclude qualche rara nube sul levante. Le temperature diurne saliranno nuovamente fino a valori di molto al di sopra alle medie del periodo anche se non si toccheranno i valori raggiunti ieri ma qualche localit\u00e0 rivierasca potr\u00e0 toccare nuovamente i 20 gradi. La ventilazione sar\u00e0 ancora localmente moderata dai quadranti settentrionali durante la mattinata, diverr\u00e0 debole di direzione variabile un po&#8217; ovunque nel corso della giornata. Il mare sar\u00e0 tra calmo e poco mosso sottocosta, localmente mosso al largo verso Capo Corso.<\/p>\n<p>Le ultime giornate di questo 2016 verranno ancora caratterizzate dall&#8217;alta pressione ma con qualche nube generalmente innocua in agguato.<\/p>\n","protected":false},"excerpt":{"rendered":"<p>Liguria. Una possente figura anticiclonica si consolida sull&#8217;Europa centro-occidentale facendo permanere condizioni di tempo mite e stabile sulla Liguria. Durante la nottata sulla Liguria il cielo \u00e8 rimasto sereno ovunque. Le temperature minime sono rimaste decisamente sopra alle medie del periodo lungo i tratti di costa dove hanno continuato a spirare le correnti favoniche, mentre [&hellip;]<\/p>\n","protected":false},"author":10593,"featured_media":0,"comment_status":"open","ping_status":"closed","sticky":false,"template":"","format":"standard","meta":{"footnotes":""},"categories":[45296,34],"tags":[42023,652],"class_list":["post-400023","post","type-post","status-publish","format-standard","hentry","category-copertina","category-cronaca","tag-limet","tag-meteo","post_cat_citta-provincia"],"amp_validity":null,"amp_enabled":true,"_links":{"self":[{"href":"https:\/\/staging.ivg.it\/ediapi\/wp\/v2\/posts\/400023","targetHints":{"allow":["GET"]}}],"collection":[{"href":"https:\/\/staging.ivg.it\/ediapi\/wp\/v2\/posts"}],"about":[{"href":"https:\/\/staging.ivg.it\/ediapi\/wp\/v2\/types\/post"}],"author":[{"embeddable":true,"href":"https:\/\/staging.ivg.it\/ediapi\/wp\/v2\/users\/10593"}],"replies":[{"embeddable":true,"href":"https:\/\/staging.ivg.it\/ediapi\/wp\/v2\/comments?post=400023"}],"version-history":[{"count":0,"href":"https:\/\/staging.ivg.it\/ediapi\/wp\/v2\/posts\/400023\/revisions"}],"wp:attachment":[{"href":"https:\/\/staging.ivg.it\/ediapi\/wp\/v2\/media?parent=400023"}],"wp:term":[{"taxonomy":"category","embeddable":true,"href":"https:\/\/staging.ivg.it\/ediapi\/wp\/v2\/categories?post=400023"},{"taxonomy":"post_tag","embeddable":true,"href":"https:\/\/staging.ivg.it\/ediapi\/wp\/v2\/tags?post=400023"}],"curies":[{"name":"wp","href":"https:\/\/api.w.org\/{rel}","templated":true}]}}