{"id":399919,"date":"2016-12-26T08:37:52","date_gmt":"2016-12-26T07:37:52","guid":{"rendered":"http:\/\/www.ivg.it\/?p=399919"},"modified":"2016-12-26T08:37:52","modified_gmt":"2016-12-26T07:37:52","slug":"borghetto-ce-panecioccolataedallegria-aiutare-terremotati","status":"publish","type":"post","link":"https:\/\/staging.ivg.it\/2016\/12\/borghetto-ce-panecioccolataedallegria-aiutare-terremotati\/","title":{"rendered":"A Borghetto c&#8217;\u00e8 &#8220;Panecioccolataedallegria&#8221; per aiutare i terremotati"},"content":{"rendered":"<p><strong>Borghetto Santo Spirito<\/strong>. Marted\u00ec 27 dicembre a partire dalle 14.30, in piazza Libert\u00e0, si svolger\u00e0 un\u2019iniziativa benefica per raccogliere fondi da destinare alle zone colpite dal terribile terremoto del 24 agosto.<\/p>\n<p>\u201cPanecioccolataedallegria\u201d, evento ideato dall\u2019Associazione \u201cIl mondo di Grel \u201cdi Borghetto, sostenuto dalle associazioni locali e da alcuni commercianti ed organizzato con il patrocinio e la collaborazione del Comune, si pone l\u2019obiettivo di offrire un pomeriggio di intrattenimento per grandi e piccini e raccogliere fondi da destinare alle zone colpite dal sisma quest\u2019estate.<\/p>\n<p>Sar\u00e0 un pomeriggio dedicato ai bambini e alle loro famiglie, durante il quale saranno allestite diverse postazioni per lo svolgimento di laboratori manuali ed artistici, in compagnia di alcuni gruppi musicali e di danza, che si alterneranno per rallegrare il pomeriggio.<\/p>\n<p>Fulcro della manifestazione sar\u00e0 il filone pi\u00f9 lungo farcito di cioccolata, a disposizione per la merenda. Per raccogliere fondi da destinare ai \u201cterremotati\u201d, infatti, verr\u00e0 sfornato un panino da record, lungo circa 5 metri, che verr\u00e0 spalmato di cioccolata e distribuito durante il pomeriggio, a fronte di un\u2019offerta, che verr\u00e0 raccolta dalla Croce Bianca di Borghetto.<\/p>\n<p>La destinazione dei fondi, che verr\u00e0 individuata congiuntamente con le realt\u00e0 che hanno collaborato per la realizzazione dell\u2019evento, sar\u00e0 resa nota sul sito del Comune: www.borghettosantospirito.gov.it<\/p>\n<p>Un particolare ringraziamento a tutti coloro che hanno contribuito alla realizzazione di questa iniziativa: Associazione Il Mondo di Grel, Associazione Forum Culturale e Il pozzo delle mamme, Associazione Turistica Pro Loco, Ludogarden Fattoria Didattica Vivai Michelini, Fiorista La Corolla, Panetteria Oxilia, Panetteria De Rosa, Pasticceria Dolce Voglia, Punto Simply Market, Biondi Gabriele e il suo staff, Voxart cantare a 360\u00b0, Associazione &#8220;Baila in riva a u ma&#8221; e croce bianca di Borghetto Santo Spirito.<\/p>\n","protected":false},"excerpt":{"rendered":"<p>La manifestazione si terr\u00e0 marted\u00ec 27 dicembre alle 14.30 in piazza Libert\u00e0<\/p>\n","protected":false},"author":12120,"featured_media":0,"comment_status":"open","ping_status":"closed","sticky":false,"template":"","format":"standard","meta":{"footnotes":""},"categories":[56],"tags":[73178,64388,66872,64983,88254],"class_list":["post-399919","post","type-post","status-publish","format-standard","hentry","category-altre","tag-associazione-forum-culturale-borghetto-santo-spirito","tag-croce-bianca-borghetto-santo-spirito","tag-il-mondo-di-grel","tag-proloco-borghetto","tag-terremoto-centro-italia","post_cat_citta-borghetto-santo-spirito"],"amp_validity":null,"amp_enabled":true,"_links":{"self":[{"href":"https:\/\/staging.ivg.it\/ediapi\/wp\/v2\/posts\/399919","targetHints":{"allow":["GET"]}}],"collection":[{"href":"https:\/\/staging.ivg.it\/ediapi\/wp\/v2\/posts"}],"about":[{"href":"https:\/\/staging.ivg.it\/ediapi\/wp\/v2\/types\/post"}],"author":[{"embeddable":true,"href":"https:\/\/staging.ivg.it\/ediapi\/wp\/v2\/users\/12120"}],"replies":[{"embeddable":true,"href":"https:\/\/staging.ivg.it\/ediapi\/wp\/v2\/comments?post=399919"}],"version-history":[{"count":0,"href":"https:\/\/staging.ivg.it\/ediapi\/wp\/v2\/posts\/399919\/revisions"}],"wp:attachment":[{"href":"https:\/\/staging.ivg.it\/ediapi\/wp\/v2\/media?parent=399919"}],"wp:term":[{"taxonomy":"category","embeddable":true,"href":"https:\/\/staging.ivg.it\/ediapi\/wp\/v2\/categories?post=399919"},{"taxonomy":"post_tag","embeddable":true,"href":"https:\/\/staging.ivg.it\/ediapi\/wp\/v2\/tags?post=399919"}],"curies":[{"name":"wp","href":"https:\/\/api.w.org\/{rel}","templated":true}]}}