{"id":399491,"date":"2016-12-19T13:59:47","date_gmt":"2016-12-19T12:59:47","guid":{"rendered":"http:\/\/www.ivg.it\/?p=399491"},"modified":"2016-12-19T13:59:47","modified_gmt":"2016-12-19T12:59:47","slug":"grande-successo-visitatori-alla-mostra-arbenga-storia-del-calcio-casa-nostra","status":"publish","type":"post","link":"https:\/\/staging.ivg.it\/2016\/12\/grande-successo-visitatori-alla-mostra-arbenga-storia-del-calcio-casa-nostra\/","title":{"rendered":"Grande successo di visitatori alla mostra &#8220;Arbenga, storia del calcio di casa nostra\u201d"},"content":{"rendered":"<p><span style=\"color: #000000;\"><strong>Albenga<\/strong>. Ha fatto registrare il tutto esaurito la mostra \u201cArbenga, storia del calcio di casa nostra\u201d, l&#8217;esposizione sulla storia della squadra di calcio della citt\u00e0 delle Torri. Il vice sindaco Riccardo Tomatis si congratula con l\u2019associazione Vecchia Albenga e l\u2019Asd Albenga Calcio 1928 per il riuscitissimo allestimento della mostra (patrocinata dal Comune) che mette in scena tramite le foto l\u2019antica storia del calcio ingauno fino ai giorni nostri. <\/span><\/p>\n<p><span style=\"color: #000000;\">\u201c Si tratta \u2013 dice l\u2019assessore allo sport \u2013 di una bellissima mostra gi\u00e0 visitatissima che oltre a rendere onore e omaggiare i giocatori, i dirigenti e i tifosi che crearono il mito dell&#8217;Albenga Calcio, ci racconta di come il legame tra passato e futuro sia determinante per i giovani di oggi che hanno come in un filo della memoria di chi li ha preceduti sui campi di calcio, una storia di sacrificio, valore sportivo, determinazione e passione, valori fondamentali per un giovane che pratica lo sport\u201d. <\/span><\/p>\n<p><span style=\"color: #000000;\">Parole importanti rivolte ai ragazzi anche dall\u2019associazione \u201cOrgoglio Ingauno\u201d e dalla societ\u00e0: \u201cConoscersi a pieno \u00e8 da sempre il modo migliore per crescere. Sapere da dove si \u00e8 partiti per aver chiaro dove voler arrivare, ma ancor pi\u00f9 importante in che modo farlo. La maglia che indossate \u00e8 stata dal 1928 il testimone che \u00e8 passato di mano, generazione dopo generazione, fino ad arrivare a Voi ed \u00e8 giusto che sappiate quale sia l&#8217;importanza di vestirla cos\u00ec come i valori che difendete partita dopo partita in ogni campo in ogni luogo e in ogni categoria. Vedere unito il glorioso passato e il roseo futuro che voi rappresentate mi riempie di gioia, come me anche tutti coloro che hanno a cuore questa societ\u00e0 e che dimostrano il loro amore nel quotidiano allenandovi, facendovi da dirigenti, da accompagnatori e che diciamolo, vi sopportano cercando di crescervi al meglio come sportivi, ma ancor prima come ragazzi\u201d.<\/span><\/p>\n<p><span style=\"color: #000000;\">Marisa Scola, presidente dell\u2019associazione \u201cVecchia Albenga\u201d, afferma: \u201cSiamo riusciti a creare un allestimento suggestivo e perfetto insieme ai ragazzi e siamo contenti che nella sede della Vecchia Albenga sia ospitata la storia del calcio ingauno con fotografie d\u2019epoca, abbigliamento e oggetti che davvero commuovono e ci ricordano delle imprese sportive della nostra squadra di calcio. Se in futuro si potesse davvero realizzare il Museo del Calcio noi saremo lieti di dare una mano ad allestirlo\u201d. <\/span><\/p>\n<p><span style=\"color: #000000;\">La mostra \u00e8 <\/span>stata inaugurata sabato 17 dicembre presso la sede dell&#8217;associazione \u201cVecchia Albenga\u201d in via Roma ad Albenga e \u00e8 aperta tutti i giorni (escluso Natale e Capodanno) dalle 15.30 alle 18.30 fino all\u20198 di gennaio.<\/p>\n","protected":false},"excerpt":{"rendered":"<p>Mette in scena tramite le foto l\u2019antica storia del calcio ingauno fino ai giorni nostri<\/p>\n","protected":false},"author":12120,"featured_media":0,"comment_status":"open","ping_status":"closed","sticky":false,"template":"","format":"standard","meta":{"footnotes":""},"categories":[56],"tags":[35820,17081],"class_list":["post-399491","post","type-post","status-publish","format-standard","hentry","category-altre","tag-albenga-calcio","tag-associazione-vecchia-albenga","post_tag_personaggi-marisa-scola","post_tag_personaggi-riccardo-tomatis-2"],"amp_validity":null,"amp_enabled":true,"_links":{"self":[{"href":"https:\/\/staging.ivg.it\/ediapi\/wp\/v2\/posts\/399491","targetHints":{"allow":["GET"]}}],"collection":[{"href":"https:\/\/staging.ivg.it\/ediapi\/wp\/v2\/posts"}],"about":[{"href":"https:\/\/staging.ivg.it\/ediapi\/wp\/v2\/types\/post"}],"author":[{"embeddable":true,"href":"https:\/\/staging.ivg.it\/ediapi\/wp\/v2\/users\/12120"}],"replies":[{"embeddable":true,"href":"https:\/\/staging.ivg.it\/ediapi\/wp\/v2\/comments?post=399491"}],"version-history":[{"count":0,"href":"https:\/\/staging.ivg.it\/ediapi\/wp\/v2\/posts\/399491\/revisions"}],"wp:attachment":[{"href":"https:\/\/staging.ivg.it\/ediapi\/wp\/v2\/media?parent=399491"}],"wp:term":[{"taxonomy":"category","embeddable":true,"href":"https:\/\/staging.ivg.it\/ediapi\/wp\/v2\/categories?post=399491"},{"taxonomy":"post_tag","embeddable":true,"href":"https:\/\/staging.ivg.it\/ediapi\/wp\/v2\/tags?post=399491"}],"curies":[{"name":"wp","href":"https:\/\/api.w.org\/{rel}","templated":true}]}}