{"id":399156,"date":"2016-12-14T15:37:27","date_gmt":"2016-12-14T14:37:27","guid":{"rendered":"http:\/\/www.ivg.it\/?p=399156"},"modified":"2016-12-14T17:20:23","modified_gmt":"2016-12-14T16:20:23","slug":"presidente-del-coni-malago-visita-savona-lancia-brand-le-spiagge-dei-papi","status":"publish","type":"post","link":"https:\/\/staging.ivg.it\/2016\/12\/presidente-del-coni-malago-visita-savona-lancia-brand-le-spiagge-dei-papi\/","title":{"rendered":"Il presidente del Coni Malag\u00f2 in visita a Savona lancia il brand &#8220;Le spiagge dei Papi&#8221;"},"content":{"rendered":"<p><strong>Savona<\/strong>. Savona citt\u00e0 dei papi. E le spiagge di Savona come le \u201cspiagge dei papi\u201d. E&#8217; questo il brand lanciato dal presidente nazionale del Coni Giovanni Malag\u00f2, che oggi ha visitato il campus universitario di Legino in compagnia del sindaco Ilaria Caprioglio, del rettore dell&#8217;Universit\u00e0 di Genova Paolo Comanducci e del prorettore Federico Delfino.<\/p>\n<p>La visita di Malag\u00f2 non \u00e8 stata casuale. Alcune settimane fa, infatti, Caprioglio e Delfino si sono recati nella sede del Coni a Roma per presentare la candidatura di Savona a \u201cCitt\u00e0 Europea dello Sport 2019\u201d. In quella sede, sindaco e prorettore hanno sottoposto all&#8217;attenzione di Malag\u00f2 un nuovo progetto nato dalla sinergia tra Comune e Campus e che prevede la trasformazione della spiaggia di Villa Znaelli in un centro dedicato alle discipline nautico-sportive aperto anche alle persone con disabilit\u00e0.<\/p>\n<p>\u201cL&#8217;idea \u2013 spiega il sindaco Caprioglio \u2013 era quella di riqualificare la spiaggia inserendovi anche un&#8217;iniziativa di ambito sociale. Cos\u00ec abbiamo deciso di coinvolgere il campus, che \u00e8 vicinissimo alla spiaggia grazie al sottopasso che li collega. Delfino ha risposto con grande entusiasmo e abbiamo deciso di inserire nel progetto anche questa idea. Delfino, poi, si \u00e8 offerto di accompagnarmi a Roma per la candidatura di Savona a &#8216;Citt\u00e0 Europea dello Sport&#8217;. Insieme abbiamo incontrato Giovanni Malag\u00f2, al quale abbiamo sottoposto la nostra idea. Il presidente del Coni ne \u00e8 rimasto entusiasta e ci ha promesso che sarebbe venuto a visitare il campus per conoscere meglio il progetto. Gli abbiamo fatto vedere da vicino la zona di Villa Zanelli e della spiaggia dove potrebbe nascere tutto e gli abbiamo presentato il progetto\u201d.<\/p>\n<p>\u201cQuando ci siamo incontrati a Roma \u2013 spiega Malag\u00f2 \u2013 il sindaco e il prorettore mi hanno parlato del progetto legato al campus con questa formidabile sinergia con gli sport da spiaggia da realizzare su un frontline unico in Liguria. L&#8217;idea mi piace moltissimo. E&#8217; un bel sogno ma ha la sua logica. Al giorno d&#8217;oggi c&#8217;\u00e8 parecchia domanda, parecchio mercato per questo tipo di sport. Anche a livello internazionale. Questa iniziativa, dunque, potrebbe essere un plus straordinario. Nei limiti del mio ruolo cercher\u00f2 di dare una mano, perch\u00e9 mi sembra che ci siano molti aspetti di carattere autorizzativo e finanziario a cui lavorare. Ma la trovo un&#8217;idea bella e vincente. Complimenti a chi l&#8217;ha pensata\u201d.<\/p>\n<p>L&#8217;intervento di Malag\u00f2 \u00e8 fondamentale per la buona riuscita del progetto: \u201cIo posso fare moral suasion nei confronti delle istituzioni che ad oggi hanno gi\u00e0 avuto richieste di finanziamento. Mi adoperer\u00f2 per capire quale sia la situazione in consiglio dei ministri a proposito del finanziamento che riqualifica via Nizza, che \u00e8 un passo importante per le opere accessorie. Devo capire come stanno le cose. Poi ho dato suggerimenti dal punto di vista delle opportunit\u00e0 da sviluppare, in particolare per quanto riguarda le discipline che hanno futuro. Ci siamo soffermati sul fatto che oggi il surf \u00e8 di grande moda, tanto da diventare una disciplina olimpica temporanea per Tokyo ma non sappiamo bene cosa succeder\u00e0 poi. Una volta pronta una spiaggia del genere, c&#8217;\u00e8 da sbizzarrirsi\u201d.<\/p>\n<div class=\"single-img-content-container fullwidth-single shortcode standard\">\n    <div class=\"image_container\" style=\"text-align: center;\">\n        <picture class=\" lazyload\"><img loading=\"lazy\" class=\"lazy\" data-srcset=\"https:\/\/www.ivg.it\/photogallery_new\/images\/2016\/12\/malago-in-visita-a-savona-373887.jpg 1024w, https:\/\/www.ivg.it\/photogallery_new\/images\/2016\/12\/malago-in-visita-a-savona-373887.jpg 970w, https:\/\/www.ivg.it\/photogallery_new\/images\/2016\/12\/malago-in-visita-a-savona-373887.jpg 660w, https:\/\/www.ivg.it\/photogallery_new\/images\/2016\/12\/malago-in-visita-a-savona-373887.jpg 316w, https:\/\/www.ivg.it\/photogallery_new\/images\/2016\/12\/malago-in-visita-a-savona-373887.jpg 150w\"  data-src=\"https:\/\/www.ivg.it\/photogallery_new\/images\/2016\/12\/malago-in-visita-a-savona-373887.jpg\" alt=\"Malag\u00f2 in visita a Savona\" \/><\/picture>\r\n\n    <\/div>\n    <\/div>\n\n<p>Durante la sua visita savonese, Malag\u00f2 ha visitato anche il palazzo dei Della Rovere, dove ha \u201cscoperto\u201d l&#8217;origine savonese della famiglia della ex moglie Lucrezia Lante Della Rovere. Come noto, ben due esponenti savonesi della famiglia Della Rovere sono stati papi, cio\u00e8 Sisto IV e Giulio II. Questo legame famigliare gli ha suggerito l&#8217;idea (poi girata al sindaco Caprioglio) di lanciare le \u201cspiagge dei papi\u201d. Un nuovo brand che, pescando direttamente dalla storia di Savona, andrebbe ad arricchire in maniera unica le peculiarit\u00e0 dell&#8217;offerta turistica della citt\u00e0 della Torretta.<\/p>\n<p>Ma ovviamente Malag\u00f2 ha colto l&#8217;occasione della sua trasferta savonese anche per \u201ctoccare con mano\u201d lo stato di salute del mondo sportivo savonese: \u201cUna volta a settimana vado sul territorio a vedere le realt\u00e0 della provincia, per conoscere l&#8217;impiantistica e vedere se ci sono nuovi progetti che magari possono dare delle opportunit\u00e0 a 360 gradi per lo sport di base, per lo sport di vertice, in termini di risposte occupazionali, riflessi sociali\u201d.<\/p>\n","protected":false},"excerpt":{"rendered":"<p>Malag\u00f2 era a Savona per discutere del progetto per la creazione di una spiaggia dedicata alle discipline nautico-sportive e aperta anche ai disabili<\/p>\n","protected":false},"author":12120,"featured_media":0,"comment_status":"open","ping_status":"closed","sticky":false,"template":"","format":"standard","meta":{"footnotes":""},"categories":[45296,31],"tags":[13060,1271],"class_list":["post-399156","post","type-post","status-publish","format-standard","hentry","category-copertina","category-politica","tag-campus-savona","tag-coni","post_cat_citta-savona","post_tag_personaggi-federico-delfino","post_tag_personaggi-giovanni-malago","post_tag_personaggi-ilaria-caprioglio","post_tag_personaggi-paolo-comanducci"],"amp_validity":null,"amp_enabled":true,"_links":{"self":[{"href":"https:\/\/staging.ivg.it\/ediapi\/wp\/v2\/posts\/399156","targetHints":{"allow":["GET"]}}],"collection":[{"href":"https:\/\/staging.ivg.it\/ediapi\/wp\/v2\/posts"}],"about":[{"href":"https:\/\/staging.ivg.it\/ediapi\/wp\/v2\/types\/post"}],"author":[{"embeddable":true,"href":"https:\/\/staging.ivg.it\/ediapi\/wp\/v2\/users\/12120"}],"replies":[{"embeddable":true,"href":"https:\/\/staging.ivg.it\/ediapi\/wp\/v2\/comments?post=399156"}],"version-history":[{"count":0,"href":"https:\/\/staging.ivg.it\/ediapi\/wp\/v2\/posts\/399156\/revisions"}],"wp:attachment":[{"href":"https:\/\/staging.ivg.it\/ediapi\/wp\/v2\/media?parent=399156"}],"wp:term":[{"taxonomy":"category","embeddable":true,"href":"https:\/\/staging.ivg.it\/ediapi\/wp\/v2\/categories?post=399156"},{"taxonomy":"post_tag","embeddable":true,"href":"https:\/\/staging.ivg.it\/ediapi\/wp\/v2\/tags?post=399156"}],"curies":[{"name":"wp","href":"https:\/\/api.w.org\/{rel}","templated":true}]}}