{"id":39902,"date":"2008-11-06T14:23:28","date_gmt":"2008-11-06T13:23:28","guid":{"rendered":"http:\/\/www.ivg.it\/2008\/11\/06\/provincia-filippi-prc-non-e-piu-assessore\/"},"modified":"2008-11-07T14:04:55","modified_gmt":"2008-11-07T13:04:55","slug":"provincia-filippi-prc-non-e-piu-assessore","status":"publish","type":"post","link":"https:\/\/staging.ivg.it\/2008\/11\/provincia-filippi-prc-non-e-piu-assessore\/","title":{"rendered":"Provincia, Filippi (Prc) non \u00e8 pi\u00f9 assessore"},"content":{"rendered":"<p><strong>[thumb:3642:l]Provincia.<\/strong> Il Presidente della Provincia di Savona Marco Bertolotto ha revocato questa mattina la nomina ad assessore di Giampietro Filippi, di Rifondazione Comunista. Le deleghe in materia di Rifiuti, Protezione Civile, Agenda 21 e Democrazia partecipativa vengono, pertanto, assunte dallo stesso Presidente Bertolotto.<\/p>\n<p>&#8220;Preso atto che il presidente del gruppo consigliare di Rifondazione Comunista, Giuliana Gallia Cornetti, nella seduta del consiglio del 30 ottobre 2008, ha dichiarato di non essere pi\u00f9 disponibile a permanere nella maggioranza. Ritenuto che, a seguito della suddette dichiarazioni, sia venuto meno il rapporto fiduciario instaurato con l&#8217;assessore Filippi, il Presidente decreta di revocare la nomina&#8221;, si legge nella comunicazione ufficiale della revoca.<\/p>\n<p>Il Presidente della Provincia ha sottolineato come &#8220;la decisione annunciata dall&#8217;assessore Filippi di portare in discussione nella prossima riunione della giunta provinciale, a mia insaputa, il progetto per la discarica di Passeggi, \u00e8 motivo di ulteriore conferma circa l&#8217;ormai totale assenza del rapporto fiduciario con l&#8217;assessore&#8221;.<\/p>\n<p>&#8220;Portare in giunta un progetto non conforme alla procedura &#8211; conclude Bertolotto -, avendo ATA gi\u00e0 depositato in Provincia un progetto che non rispetta i vincoli ambientali del sito denominato Passeggi, \u00e8 un atto che non posso accettare, tantomeno avallare per il rispetto di quei principi cui, pi\u00f9 volte, ho chiaramente detto non intendo derogare&#8221;.<\/p>\n","protected":false},"excerpt":{"rendered":"<p>[thumb:3642:l]Provincia. Il Presidente della Provincia di Savona Marco Bertolotto ha revocato questa mattina la nomina ad assessore di Giampietro Filippi, di Rifondazione Comunista. Le deleghe in materia di Rifiuti, Protezione Civile, Agenda 21 e Democrazia partecipativa vengono, pertanto, assunte dallo stesso Presidente Bertolotto. &#8220;Preso atto che il presidente del gruppo consigliare di Rifondazione Comunista, Giuliana [&hellip;]<\/p>\n","protected":false},"author":4,"featured_media":0,"comment_status":"open","ping_status":"closed","sticky":false,"template":"","format":"standard","meta":{"footnotes":""},"categories":[31],"tags":[376,1547,375,498],"class_list":["post-39902","post","type-post","status-publish","format-standard","hentry","category-politica","tag-bertolotto","tag-filippi","tag-provincia","tag-rifiuti","post_cat_citta-andora","post_cat_citta-savona"],"amp_validity":null,"amp_enabled":true,"_links":{"self":[{"href":"https:\/\/staging.ivg.it\/ediapi\/wp\/v2\/posts\/39902","targetHints":{"allow":["GET"]}}],"collection":[{"href":"https:\/\/staging.ivg.it\/ediapi\/wp\/v2\/posts"}],"about":[{"href":"https:\/\/staging.ivg.it\/ediapi\/wp\/v2\/types\/post"}],"author":[{"embeddable":true,"href":"https:\/\/staging.ivg.it\/ediapi\/wp\/v2\/users\/4"}],"replies":[{"embeddable":true,"href":"https:\/\/staging.ivg.it\/ediapi\/wp\/v2\/comments?post=39902"}],"version-history":[{"count":0,"href":"https:\/\/staging.ivg.it\/ediapi\/wp\/v2\/posts\/39902\/revisions"}],"wp:attachment":[{"href":"https:\/\/staging.ivg.it\/ediapi\/wp\/v2\/media?parent=39902"}],"wp:term":[{"taxonomy":"category","embeddable":true,"href":"https:\/\/staging.ivg.it\/ediapi\/wp\/v2\/categories?post=39902"},{"taxonomy":"post_tag","embeddable":true,"href":"https:\/\/staging.ivg.it\/ediapi\/wp\/v2\/tags?post=39902"}],"curies":[{"name":"wp","href":"https:\/\/api.w.org\/{rel}","templated":true}]}}