{"id":398910,"date":"2016-12-12T09:21:16","date_gmt":"2016-12-12T08:21:16","guid":{"rendered":"http:\/\/www.ivg.it\/?p=398910"},"modified":"2016-12-12T09:21:16","modified_gmt":"2016-12-12T08:21:16","slug":"gli-orari-conferimento-dei-materiali-speciali-discarica-invitano-al-banditismo","status":"publish","type":"post","link":"https:\/\/staging.ivg.it\/2016\/12\/gli-orari-conferimento-dei-materiali-speciali-discarica-invitano-al-banditismo\/","title":{"rendered":"&#8220;Gli orari di conferimento dei materiali speciali in discarica invitano al &#8216;banditismo&#8217;&#8221;"},"content":{"rendered":"<p>Io abito a Quiliano dove si fa la differenziata, ma anche prima dell&#8217;inizio della differenziata, per i materiali ingombranti e speciali si doveva ricorrere al sito ATA di via Caravaggio.<\/p>\n<p>Per questi materiali quindi faccio un po&#8217; di accumulo in cantina e poi, quando ne ho raccolti un buon numero, li porto a smaltire. Qualche giorno fa sono andato a portare un paio di borse di materiali elettrici vecchi, pile, e una manciata di tubi di ferro.<\/p>\n<p>Sono arrivato in via Caravaggio alle 10,30 circa e l&#8217;impiegata mi ha detto che non poteva accettare nulla perch\u00e8 c&#8217;\u00e8 una disposizione che dalle 10 alle 14,30, per motivi di sicurezza, non sono ammessi conferimenti di privati.<\/p>\n<p>Sicurezza perch\u00e8 in tali orari c&#8217;\u00e8 transito di camion. Premetto che da quando sono arrivato, per il tempo che sono rimasto l\u00ec, e durante il tempo che me ne sono andato non c&#8217;era nessun camion n\u00e8 furgone n\u00e8 auto in transito o manovra. Deserto assoluto. Io avrei fatto veramente presto a liberarmi delle due borse da conferire.<\/p>\n<p>Domanda: un po&#8217; di flessibilit\u00e0 \u00e8 troppo difficile? La regola \u00e8 inflessibile, ma il personale un po&#8217; di buon senso non ce l&#8217;ha proprio? Sarebbe poi complicato predisporre alcuni contenitori uno per le pile, uno per materiale elettrico, uno per elettronica, televisori e computer, ecc ecc a disposizione 24 ore?<\/p>\n<p style=\"text-align: right;\"><strong>Paolo Forzano<\/strong><\/p>\n","protected":false},"excerpt":{"rendered":"<p>Io abito a Quiliano dove si fa la differenziata, ma anche prima dell&#8217;inizio della differenziata, per i materiali ingombranti e speciali si doveva ricorrere al sito ATA di via Caravaggio. Per questi materiali quindi faccio un po&#8217; di accumulo in cantina e poi, quando ne ho raccolti un buon numero, li porto a smaltire. Qualche [&hellip;]<\/p>\n","protected":false},"author":2394,"featured_media":0,"comment_status":"open","ping_status":"closed","sticky":false,"template":"","format":"standard","meta":{"footnotes":""},"categories":[120],"tags":[],"class_list":["post-398910","post","type-post","status-publish","format-standard","hentry","category-lettere","post_cat_citta-savona"],"amp_validity":null,"amp_enabled":true,"_links":{"self":[{"href":"https:\/\/staging.ivg.it\/ediapi\/wp\/v2\/posts\/398910","targetHints":{"allow":["GET"]}}],"collection":[{"href":"https:\/\/staging.ivg.it\/ediapi\/wp\/v2\/posts"}],"about":[{"href":"https:\/\/staging.ivg.it\/ediapi\/wp\/v2\/types\/post"}],"author":[{"embeddable":true,"href":"https:\/\/staging.ivg.it\/ediapi\/wp\/v2\/users\/2394"}],"replies":[{"embeddable":true,"href":"https:\/\/staging.ivg.it\/ediapi\/wp\/v2\/comments?post=398910"}],"version-history":[{"count":0,"href":"https:\/\/staging.ivg.it\/ediapi\/wp\/v2\/posts\/398910\/revisions"}],"wp:attachment":[{"href":"https:\/\/staging.ivg.it\/ediapi\/wp\/v2\/media?parent=398910"}],"wp:term":[{"taxonomy":"category","embeddable":true,"href":"https:\/\/staging.ivg.it\/ediapi\/wp\/v2\/categories?post=398910"},{"taxonomy":"post_tag","embeddable":true,"href":"https:\/\/staging.ivg.it\/ediapi\/wp\/v2\/tags?post=398910"}],"curies":[{"name":"wp","href":"https:\/\/api.w.org\/{rel}","templated":true}]}}