{"id":398897,"date":"2016-12-12T08:48:04","date_gmt":"2016-12-12T07:48:04","guid":{"rendered":"http:\/\/www.ivg.it\/?p=398897"},"modified":"2016-12-12T08:48:04","modified_gmt":"2016-12-12T07:48:04","slug":"mercatino-solidarieta-2016-banchetti-arci-coordinamento-donne-acli","status":"publish","type":"post","link":"https:\/\/staging.ivg.it\/2016\/12\/mercatino-solidarieta-2016-banchetti-arci-coordinamento-donne-acli\/","title":{"rendered":"Mercatino solidariet\u00e0 2016: banchetti ARCI e Coordinamento donne ACLI"},"content":{"rendered":"<p>Marted\u00ec prossimo, 13 dicembre, al Mercatino della solidariet\u00e0 2016 organizzato dal Comune di Savona e dal Cesavo \u2013 Centro Savonese di Servizi al Volontariato &#8211; che si terr\u00e0 in Piazza Sisto IV nell&#8217;ambito della tradizionale Festa di Santa Lucia, sar\u00e0 possibile trovare anche i banchetti organizzati da Arci Savona, Arci Solidariet\u00e0 e dal Coordinamento donne Acli che raccoglieranno fondi per l\u2019acquisto di materiale scolastico.<\/p>\n<p>Le importanti realt\u00e0 del terzo settore savonese, infatti, continuano il loro progetto comune di solidariet\u00e0: le offerte raccolte nel corso della giornata saranno interamente devolute per l&#8217;acquisto di materiale scolastico da donare alle famiglie in difficolt\u00e0 con figli in et\u00e0 scolastica.<\/p>\n<p>\u201cCome gi\u00e0 avvenuto l\u2019anno scorso, riusciamo ad unire le forze di Arci ed Acli per aiutare chi ha pi\u00f9 bisogno, soprattutto i nostri concittadini pi\u00f9 giovani\u201d afferma Alessio Artico, Presidente Provinciale Arci Savona. \u201cUn sentito ringraziamento a tutti i volontari e le volontarie che marted\u00ec dedicheranno parte della propria giornata per aiutare gli altri ed a tutti i savonesi che decideranno ancora una volta di sostenere il nostro progetto di solidariet\u00e0\u201d conclude Artico.<\/p>\n","protected":false},"excerpt":{"rendered":"<p>Marted\u00ec prossimo, 13 dicembre, al Mercatino della solidariet\u00e0 2016 organizzato dal Comune di Savona e dal Cesavo \u2013 Centro Savonese di Servizi al Volontariato &#8211; che si terr\u00e0 in Piazza Sisto IV nell&#8217;ambito della tradizionale Festa di Santa Lucia, sar\u00e0 possibile trovare anche i banchetti organizzati da Arci Savona, Arci Solidariet\u00e0 e dal Coordinamento donne [&hellip;]<\/p>\n","protected":false},"author":17661,"featured_media":0,"comment_status":"open","ping_status":"closed","sticky":false,"template":"","format":"standard","meta":{"footnotes":""},"categories":[45296,89329,88559],"tags":[64307],"class_list":["post-398897","post","type-post","status-publish","format-standard","hentry","category-copertina","category-arci-savona","category-rubriche","tag-arci-savona","post_cat_citta-savona"],"amp_validity":null,"amp_enabled":true,"_links":{"self":[{"href":"https:\/\/staging.ivg.it\/ediapi\/wp\/v2\/posts\/398897","targetHints":{"allow":["GET"]}}],"collection":[{"href":"https:\/\/staging.ivg.it\/ediapi\/wp\/v2\/posts"}],"about":[{"href":"https:\/\/staging.ivg.it\/ediapi\/wp\/v2\/types\/post"}],"author":[{"embeddable":true,"href":"https:\/\/staging.ivg.it\/ediapi\/wp\/v2\/users\/17661"}],"replies":[{"embeddable":true,"href":"https:\/\/staging.ivg.it\/ediapi\/wp\/v2\/comments?post=398897"}],"version-history":[{"count":0,"href":"https:\/\/staging.ivg.it\/ediapi\/wp\/v2\/posts\/398897\/revisions"}],"wp:attachment":[{"href":"https:\/\/staging.ivg.it\/ediapi\/wp\/v2\/media?parent=398897"}],"wp:term":[{"taxonomy":"category","embeddable":true,"href":"https:\/\/staging.ivg.it\/ediapi\/wp\/v2\/categories?post=398897"},{"taxonomy":"post_tag","embeddable":true,"href":"https:\/\/staging.ivg.it\/ediapi\/wp\/v2\/tags?post=398897"}],"curies":[{"name":"wp","href":"https:\/\/api.w.org\/{rel}","templated":true}]}}