{"id":398890,"date":"2016-12-11T17:49:08","date_gmt":"2016-12-11T16:49:08","guid":{"rendered":"http:\/\/www.ivg.it\/?p=398890"},"modified":"2016-12-11T17:49:08","modified_gmt":"2016-12-11T16:49:08","slug":"cosseria-perde-controllo-dellauto-finisce-un-fossato-al-pronto-soccorso","status":"publish","type":"post","link":"https:\/\/staging.ivg.it\/2016\/12\/cosseria-perde-controllo-dellauto-finisce-un-fossato-al-pronto-soccorso\/","title":{"rendered":"Cosseria, perde il controllo dell&#8217;auto e finisce in un fossato: al pronto soccorso"},"content":{"rendered":"<p><strong>Cosseria<\/strong>. E&#8217; stata trasportata in codice giallo al pronto soccorso la donna che questa mattina \u00e8 rimasta vittima di un incidente stradale a Cosseria.<\/p>\n<p>Il sinistro si \u00e8 verificato intorno alle 12.30 quando la donna, che stava procedendo lungo la strada provinciale 28bis \u00e8 uscita di strada in prossimit\u00e0 della rotatoria di localit\u00e0 Marghero. L&#8217;auto \u00e8 finita in un dosso a lato della carreggiata.<\/p>\n<p>Sul posto sono intervenuti i carabinieri di Cairo, i vigili del fuoco e i militi della croce bianca di Carcare.<\/p>\n<p>La donna \u00e8 uscita dall&#8217;abitacolo sulle proprie gambe, ma il personale sanitario ha deciso di accompagnarla ugualmente all&#8217;ospedale San Paolo di Savona per qualche lieve contusione.<\/p>\n<p>A causare l&#8217;incidente \u00e8 stato probabilmente l&#8217;asfalto viscido, che ha fatto perdere il controllo dell&#8217;auto alla conducente.<\/p>\n","protected":false},"excerpt":{"rendered":"<p>Sul posto sono intervenuti i carabinieri di Cairo, i vigili del fuoco e i militi della croce bianca di Carcare<\/p>\n","protected":false},"author":12120,"featured_media":0,"comment_status":"open","ping_status":"closed","sticky":false,"template":"","format":"standard","meta":{"footnotes":""},"categories":[34],"tags":[68888,67339,67935],"class_list":["post-398890","post","type-post","status-publish","format-standard","hentry","category-cronaca","tag-carabinieri-cairo-montenotte","tag-croce-bianca-carcare","tag-vigili-del-fuoco-cairo-montenotte","post_cat_citta-cosseria"],"amp_validity":null,"amp_enabled":true,"_links":{"self":[{"href":"https:\/\/staging.ivg.it\/ediapi\/wp\/v2\/posts\/398890","targetHints":{"allow":["GET"]}}],"collection":[{"href":"https:\/\/staging.ivg.it\/ediapi\/wp\/v2\/posts"}],"about":[{"href":"https:\/\/staging.ivg.it\/ediapi\/wp\/v2\/types\/post"}],"author":[{"embeddable":true,"href":"https:\/\/staging.ivg.it\/ediapi\/wp\/v2\/users\/12120"}],"replies":[{"embeddable":true,"href":"https:\/\/staging.ivg.it\/ediapi\/wp\/v2\/comments?post=398890"}],"version-history":[{"count":0,"href":"https:\/\/staging.ivg.it\/ediapi\/wp\/v2\/posts\/398890\/revisions"}],"wp:attachment":[{"href":"https:\/\/staging.ivg.it\/ediapi\/wp\/v2\/media?parent=398890"}],"wp:term":[{"taxonomy":"category","embeddable":true,"href":"https:\/\/staging.ivg.it\/ediapi\/wp\/v2\/categories?post=398890"},{"taxonomy":"post_tag","embeddable":true,"href":"https:\/\/staging.ivg.it\/ediapi\/wp\/v2\/tags?post=398890"}],"curies":[{"name":"wp","href":"https:\/\/api.w.org\/{rel}","templated":true}]}}