{"id":398882,"date":"2016-12-11T17:42:41","date_gmt":"2016-12-11T16:42:41","guid":{"rendered":"http:\/\/www.ivg.it\/?p=398882"},"modified":"2016-12-12T12:01:56","modified_gmt":"2016-12-12T11:01:56","slug":"grande-successo-la-20-fiera-del-vino-andora-manifestazione-cresce-anno-anno","status":"publish","type":"post","link":"https:\/\/staging.ivg.it\/2016\/12\/grande-successo-la-20-fiera-del-vino-andora-manifestazione-cresce-anno-anno\/","title":{"rendered":"Grande successo per la 20^ Fiera del Vino di Andora: &#8220;Manifestazione che cresce di anno in anno&#8221;"},"content":{"rendered":"<p><strong>Andora<\/strong>. Migliora di anno in anno proprio come il vino di cui \u00e8 vetrina la Fiera del Vino di Andora organizzata dal Comune e dalla Cooperativa Ortofrutticola Andorese. La ventesima edizione si \u00e8 aperta questa mattina in localit\u00e0 Molino Nuovo e, come sempre, proponeva un itinerario di degustazioni e vendita di vini e prodotti tipici che oltre a conquistare il palato dei visitatori li ha coinvolti in una serie di attivit\u00e0 dedicate a grandi e bambini. Novit\u00e0 lo spazio dedicato allo street food, con stand che propongono le tipicit\u00e0 liguri in \u201cformato\u201d da passeggio.<\/p>\n<p>Il percorso di degustazioni e vendita offriva le migliori produzioni vinicole liguri, piemontesi e lombarde. Ricca anche la selezione di olio extravergine d\u2019oliva locale, prodotti sott\u2019olio e salumi liguri, piemontesi, miele, dolci tipici e dolci a base di lavanda a cura di \u201cLavanda Riviera dei Fiori\u201d, fiori, stelle di Natale piante e ornamentali. In evidenza anche presidi Slow Food: i formaggi fatti con il latte di pecora Brigasca, il carciofo di Perinaldo, e l&#8217;aglio di Vessalico. Ampio spazio dedicato ai prodotti orticoli a km zero della Val Merula.<\/p>\n<p>La Fiera del Vino si inserisce all&#8217;interno del ricco calendario di eventi elaborato dall&#8217;amministrazione del sindaco Mauro Demichelis, che spiega: \u201cL&#8217;altro giorno abbiamo acceso l&#8217;albero insieme a mille concittadini e a tutti i ragazzi delle scuole che cantavano festosi. Da quel momento abbiamo in programma un evento al giorno. Quello della Fiera del Vino \u00e8 un appuntamento estremamente interessante. E&#8217; arrivato alla ventesima edizione e per il secondo anno \u00e8 stata co-organizzata dalla Cooperativa Ortofrutticola di Andora presieduta da Giovanni Puppo. Credo che sia un evento che sta migliorando con il tempo. I riscontri sono molto positivi. Abbiamo prodotti di qualit\u00e0 scelti molto bene, prodotti che non sono solo quelli del mondo dell&#8217;enologia, ma anche olio e prodotti agricoli del nostro territorio. In pi\u00f9 ospitiamo anche i produttori del Piemonte che presentano le specialit\u00e0 della loro terra. Riteniamo sia fondamentale valorizzare il nostro territorio anche promuovendo l&#8217;ottimo lavoro dei nostri produttori\u201d.<\/p>\n<div class=\"single-img-content-container fullwidth-single shortcode standard\">\n    <div class=\"image_container\" style=\"text-align: center;\">\n        <picture class=\" lazyload\"><img loading=\"lazy\" class=\"lazy\" data-srcset=\"https:\/\/www.ivg.it\/photogallery_new\/images\/2016\/12\/fiera-vino-andora-2016-372922.jpg 1024w, https:\/\/www.ivg.it\/photogallery_new\/images\/2016\/12\/fiera-vino-andora-2016-372922.jpg 970w, https:\/\/www.ivg.it\/photogallery_new\/images\/2016\/12\/fiera-vino-andora-2016-372922.jpg 660w, https:\/\/www.ivg.it\/photogallery_new\/images\/2016\/12\/fiera-vino-andora-2016-372922.jpg 316w, https:\/\/www.ivg.it\/photogallery_new\/images\/2016\/12\/fiera-vino-andora-2016-372922.jpg 150w\"  data-src=\"https:\/\/www.ivg.it\/photogallery_new\/images\/2016\/12\/fiera-vino-andora-2016-372922.jpg\" alt=\"fiera vino andora 2016\" \/><\/picture>\r\n\n    <\/div>\n    <\/div>\n\n<p>\u201cLa Fiera del Vino \u00e8 una manifestazione che sta crescendo di anno in anno e speriamo di farla crescere ancora \u2013 fa eco Giovanni Puppo \u2013 Questa manifestazione mette in mostra il meglio dell&#8217;agricoltura a 360 gradi: non solo vino, ma anche olio e derivati e frutta e verdura. Il messaggio che vogliamo trasmettere \u00e8 sempre lo stesso: comprate locale. Molto di ci\u00f2 che oggi era presente negli stand della Fiera stamattina era ancora attaccati agli alberi. Eventi come la Fiera del Vino mostrano bene l&#8217;aspetto e il sapore unico dei nostri prodotti\u201d.<\/p>\n<p>\u201cQuesta \u00e8 una fiera che cresce ogni anno \u2013 aggiunge il capogruppo di Forza Italia in Regione Angelo Vaccarezza \u2013 Questo \u00e8 il modo migliore per battere la crisi: la qualit\u00e0 dei prodotti e i saperi e i sapori della nostra gente. Tutte cose che non sono riproducibili a un euro meno in nessuna parte del mondo\u201d.<\/p>\n<p>Insieme al sindaco del Comune, Mauro Demichelis, Vaccarezza ha ribadito l&#8217;importanza di valorizzare le eccellenze regionali: &#8220;Abbiamo visto come questo tipo di fiere, mercati e affini abbiano un crescendo di visite \u2013 dice il Presidente del Gruppo Consiliare &#8211; liguri e turisti sono attratti dalle nostre tradizioni che variano su pi\u00f9 fronti: manifattura, agroalimentare, artigianato e arte. Sono sempre pi\u00f9 convinto che questo sia tra le migliori strategie per rendere la Liguria ancora pi\u00f9 attrattiva, magari in sinergia con Piemonte e Lombardia, presenti alla manifestazione con i loro prodotti&#8221;. <\/p>\n<p>&#8220;Il nostro compito, l&#8217;impegno che abbiamo preso con i liguri, \u00e8 quello di proteggere e valorizzare il territorio, custodire le tradizioni rendendo la Liguria grande \u2013 conclude Vaccarezza \u2013 la strada che abbiamo intrapreso \u00e8 quella giusta&#8221;.<\/p>\n","protected":false},"excerpt":{"rendered":"<p>&#8220;E&#8217; un&#8217;ottima vetrina per le nostre specialit\u00e0 del nostro territorio: non solo il vino, ma anche l&#8217;olio e i prodotti agricoli&#8221;<\/p>\n","protected":false},"author":12120,"featured_media":0,"comment_status":"open","ping_status":"closed","sticky":false,"template":"","format":"standard","meta":{"footnotes":""},"categories":[56],"tags":[15342],"class_list":["post-398882","post","type-post","status-publish","format-standard","hentry","category-altre","tag-fiera-del-vino","post_cat_citta-andora","post_tag_personaggi-angelo-vaccarezza","post_tag_personaggi-giovanni-puppo","post_tag_personaggi-mauro-demichelis"],"amp_validity":null,"amp_enabled":true,"_links":{"self":[{"href":"https:\/\/staging.ivg.it\/ediapi\/wp\/v2\/posts\/398882","targetHints":{"allow":["GET"]}}],"collection":[{"href":"https:\/\/staging.ivg.it\/ediapi\/wp\/v2\/posts"}],"about":[{"href":"https:\/\/staging.ivg.it\/ediapi\/wp\/v2\/types\/post"}],"author":[{"embeddable":true,"href":"https:\/\/staging.ivg.it\/ediapi\/wp\/v2\/users\/12120"}],"replies":[{"embeddable":true,"href":"https:\/\/staging.ivg.it\/ediapi\/wp\/v2\/comments?post=398882"}],"version-history":[{"count":0,"href":"https:\/\/staging.ivg.it\/ediapi\/wp\/v2\/posts\/398882\/revisions"}],"wp:attachment":[{"href":"https:\/\/staging.ivg.it\/ediapi\/wp\/v2\/media?parent=398882"}],"wp:term":[{"taxonomy":"category","embeddable":true,"href":"https:\/\/staging.ivg.it\/ediapi\/wp\/v2\/categories?post=398882"},{"taxonomy":"post_tag","embeddable":true,"href":"https:\/\/staging.ivg.it\/ediapi\/wp\/v2\/tags?post=398882"}],"curies":[{"name":"wp","href":"https:\/\/api.w.org\/{rel}","templated":true}]}}