{"id":398725,"date":"2016-12-08T15:48:11","date_gmt":"2016-12-08T14:48:11","guid":{"rendered":"http:\/\/www.ivg.it\/?p=398725"},"modified":"2016-12-08T15:48:11","modified_gmt":"2016-12-08T14:48:11","slug":"danni-alluvionali-sul-sito-del-comune-carcare-tutte-le-informazioni-richiesta","status":"publish","type":"post","link":"https:\/\/staging.ivg.it\/2016\/12\/danni-alluvionali-sul-sito-del-comune-carcare-tutte-le-informazioni-richiesta\/","title":{"rendered":"Danni alluvionali, sul sito del Comune di Carcare tutte le informazioni per fare richiesta"},"content":{"rendered":"<p><strong>Carcare<\/strong>. Il Comune di Carcare, in collaborazione con gli uffici competenti della Regione Liguria, ha attivato sul suo sito Internet una pagina informativa per aziende e cittadini privati, documentante i numeri di telefono utili e le modalit\u00e0 per il reperimento e compilazione della modulistica, per le richieste di risarcimento danni causati dagli eventi alluvionali dei giorni 24 e 25 novembre.<\/p>\n<p>Tali informazioni si trovano nella sezione &#8220;avvisi&#8221;, facilmente raggiungibile con un collegamento diretto dalla pagina principale.<\/p>\n<p>L&#8217;assessore alle attivit\u00e0 produttive Christian De Vecchi aggiunge: &#8220;Oltre ai sopralluoghi effettuati dalla polizia municipale e dalla protezione civile direttamente nelle attivit\u00e0 interessate, considerato l&#8217;intervento specifico attarverso delibere della giunta Regionale, ci siamo attivati per segnalare sul sito comunale le istruzioni necessarie per effettuare le richieste di danno e risarcimento. Per tutti coloro che non potessero accedere dagli strumenti elettronici, il protocollo comunale e la polizia municipale sono a disposizione&#8221;.<\/p>\n<p>Per il Comune di Carcare \u00e8 possibile recarsi presso l&#8217;ufficio protocollo con sede in Piazza Caravadossi n. 26, primo piano, aperto dal luned\u00ec al venerd\u00ec dalle 9 alle 12.30, il gioved\u00ec pomeriggio dalle 16 alle 18 ed il sabato dalle 9 alle 11.45. Telefono 0195154100, email:info@comune.carcare.sv.it\u00a0e PEC:\u00a0protocollo@comunecarcarecert.it<\/p>\n","protected":false},"excerpt":{"rendered":"<p>Carcare. Il Comune di Carcare, in collaborazione con gli uffici competenti della Regione Liguria, ha attivato sul suo sito Internet una pagina informativa per aziende e cittadini privati, documentante i numeri di telefono utili e le modalit\u00e0 per il reperimento e compilazione della modulistica, per le richieste di risarcimento danni causati dagli eventi alluvionali dei [&hellip;]<\/p>\n","protected":false},"author":12120,"featured_media":0,"comment_status":"open","ping_status":"closed","sticky":false,"template":"","format":"standard","meta":{"footnotes":""},"categories":[35,31],"tags":[90558,7280,295],"class_list":["post-398725","post","type-post","status-publish","format-standard","hentry","category-economia","category-politica","tag-allerta-24-novembre","tag-danni-alluvionali","tag-regione","post_cat_citta-carcare","post_tag_personaggi-christian-de-vecchi"],"amp_validity":null,"amp_enabled":true,"_links":{"self":[{"href":"https:\/\/staging.ivg.it\/ediapi\/wp\/v2\/posts\/398725","targetHints":{"allow":["GET"]}}],"collection":[{"href":"https:\/\/staging.ivg.it\/ediapi\/wp\/v2\/posts"}],"about":[{"href":"https:\/\/staging.ivg.it\/ediapi\/wp\/v2\/types\/post"}],"author":[{"embeddable":true,"href":"https:\/\/staging.ivg.it\/ediapi\/wp\/v2\/users\/12120"}],"replies":[{"embeddable":true,"href":"https:\/\/staging.ivg.it\/ediapi\/wp\/v2\/comments?post=398725"}],"version-history":[{"count":0,"href":"https:\/\/staging.ivg.it\/ediapi\/wp\/v2\/posts\/398725\/revisions"}],"wp:attachment":[{"href":"https:\/\/staging.ivg.it\/ediapi\/wp\/v2\/media?parent=398725"}],"wp:term":[{"taxonomy":"category","embeddable":true,"href":"https:\/\/staging.ivg.it\/ediapi\/wp\/v2\/categories?post=398725"},{"taxonomy":"post_tag","embeddable":true,"href":"https:\/\/staging.ivg.it\/ediapi\/wp\/v2\/tags?post=398725"}],"curies":[{"name":"wp","href":"https:\/\/api.w.org\/{rel}","templated":true}]}}